{"id":17198,"date":"2023-03-14T10:00:50","date_gmt":"2023-03-14T13:00:50","guid":{"rendered":"https:\/\/expressaoms.com.br\/?p=17198"},"modified":"2023-03-14T10:00:50","modified_gmt":"2023-03-14T13:00:50","slug":"brasilandia-manifesta-interesse-em-implantar-uma-unidade-da-casa-do-trabalhador","status":"publish","type":"post","link":"https:\/\/expressaoms.com.br\/index.php\/2023\/03\/14\/brasilandia-manifesta-interesse-em-implantar-uma-unidade-da-casa-do-trabalhador\/","title":{"rendered":"Brasil\u00e2ndia manifesta interesse em implantar uma unidade da Casa do Trabalhador"},"content":{"rendered":"<p>Brasil\u00e2ndia tem interesse em implantar em breve uma unidade da \u201cCasa do Trabalhador\u201d. A primeira reuni\u00e3o para tratar sobre o conv\u00eanio entre o Munic\u00edpio e Estado foi na manh\u00e3 desta segunda-feira (13), com a presen\u00e7a do prefeito Dr. Antonio Thiago, o secret\u00e1rio municipal de Administra\u00e7\u00e3o Jos\u00e9 Carlos Soriano e o gerente da Casa do Trabalhador de Tr\u00eas Lagoas, Jean Carlos Alves Ferreira e o atendente Sidney Cudeiro de Abreu.<\/p>\n<p>No encontro, os representantes da Casa do Trabalhador informaram como o Munic\u00edpio pode manifestar o interesse de implantar uma unidade em Brasil\u00e2ndia.<\/p>\n<p>O prefeito ressaltou que h\u00e1 interesse de implantar uma unidade em Brasil\u00e2ndia, uma vez que as unidades mais pr\u00f3ximas para as pessoas receberem os devidos atendimentos \u00e9 somente em Bataguassu e Tr\u00eas Lagoas.<\/p>\n<p>A Funtrab \u00e9 \u00f3rg\u00e3o respons\u00e1vel pela Casa do Trabalhador e tamb\u00e9m na gest\u00e3o das pol\u00edticas p\u00fablicas de Trabalho, Emprego e Renda em Mato Grosso do Sul.<\/p>\n<p>A Casa do Trabalhador oferece os seguintes servi\u00e7os:\u00a0 intermedia\u00e7\u00e3o de empregos; habilita\u00e7\u00e3o ao Seguro-Desemprego; apoio \u00e0 gera\u00e7\u00e3o de trabalho e renda; qualifica\u00e7\u00e3o social e profissional e atendimento ao Trabalhador.<\/p>\n","protected":false},"excerpt":{"rendered":"<p>Brasil\u00e2ndia tem interesse em implantar em breve uma unidade da \u201cCasa do Trabalhador\u201d. A primeira reuni\u00e3o para tratar sobre o conv\u00eanio entre o Munic\u00edpio e Estado foi na manh\u00e3 desta segunda-feira (13), com a presen\u00e7a do prefeito Dr. Antonio Thiago, o secret\u00e1rio municipal de Administra\u00e7\u00e3o Jos\u00e9 Carlos Soriano e o gerente da Casa do Trabalhador [&hellip;]<\/p>\n","protected":false},"author":2,"featured_media":17199,"comment_status":"open","ping_status":"open","sticky":false,"template":"","format":"standard","meta":{"om_disable_all_campaigns":false,"_monsterinsights_skip_tracking":false,"_monsterinsights_sitenote_active":false,"_monsterinsights_sitenote_note":"","_monsterinsights_sitenote_category":0,"footnotes":""},"categories":[26,30,193],"tags":[],"aioseo_notices":[],"_links":{"self":[{"href":"https:\/\/expressaoms.com.br\/index.php\/wp-json\/wp\/v2\/posts\/17198"}],"collection":[{"href":"https:\/\/expressaoms.com.br\/index.php\/wp-json\/wp\/v2\/posts"}],"about":[{"href":"https:\/\/expressaoms.com.br\/index.php\/wp-json\/wp\/v2\/types\/post"}],"author":[{"embeddable":true,"href":"https:\/\/expressaoms.com.br\/index.php\/wp-json\/wp\/v2\/users\/2"}],"replies":[{"embeddable":true,"href":"https:\/\/expressaoms.com.br\/index.php\/wp-json\/wp\/v2\/comments?post=17198"}],"version-history":[{"count":1,"href":"https:\/\/expressaoms.com.br\/index.php\/wp-json\/wp\/v2\/posts\/17198\/revisions"}],"predecessor-version":[{"id":17200,"href":"https:\/\/expressaoms.com.br\/index.php\/wp-json\/wp\/v2\/posts\/17198\/revisions\/17200"}],"wp:featuredmedia":[{"embeddable":true,"href":"https:\/\/expressaoms.com.br\/index.php\/wp-json\/wp\/v2\/media\/17199"}],"wp:attachment":[{"href":"https:\/\/expressaoms.com.br\/index.php\/wp-json\/wp\/v2\/media?parent=17198"}],"wp:term":[{"taxonomy":"category","embeddable":true,"href":"https:\/\/expressaoms.com.br\/index.php\/wp-json\/wp\/v2\/categories?post=17198"},{"taxonomy":"post_tag","embeddable":true,"href":"https:\/\/expressaoms.com.br\/index.php\/wp-json\/wp\/v2\/tags?post=17198"}],"curies":[{"name":"wp","href":"https:\/\/api.w.org\/{rel}","templated":true}]}}