{"id":17201,"date":"2023-03-14T10:28:30","date_gmt":"2023-03-14T13:28:30","guid":{"rendered":"https:\/\/expressaoms.com.br\/?p=17201"},"modified":"2023-03-14T10:28:30","modified_gmt":"2023-03-14T13:28:30","slug":"ex-prefeita-e-condenada-a-indenizar-municipio-em-ms","status":"publish","type":"post","link":"https:\/\/expressaoms.com.br\/index.php\/2023\/03\/14\/ex-prefeita-e-condenada-a-indenizar-municipio-em-ms\/","title":{"rendered":"Ex-prefeita \u00e9 condenada a indenizar munic\u00edpio em MS"},"content":{"rendered":"<p>Atendendo ao pedido do Minist\u00e9rio P\u00fablico do Estado de Mato Grosso do Sul, o Ju\u00edzo da comarca de Eldorado condenou a ex-prefeita M. M. A., a indenizar o Munic\u00edpio por danos morais coletivos no valor de R$ 50 mil decorrente da m\u00e1 aplica\u00e7\u00e3o das verbas federais.<\/p>\n<p>De acordo com a A\u00e7\u00e3o Civil P\u00fablica de Danos Morais Coletivos, em 2012, a prefeita \u00e0 \u00e9poca do Munic\u00edpio de Eldorado solicitou a realiza\u00e7\u00e3o de licita\u00e7\u00e3o, na modalidade concorr\u00eancia, com a finalidade de contratar uma empresa de engenharia para construir uma escola no Assentamento Floresta Branca, por meio dos recursos financeiros provenientes do conv\u00eanio n\u00ba 700138\/2011. O Munic\u00edpio despendeu \u00e0 empresa vencedora o valor de R$ 1.541.216,91, aproximadamente, para a execu\u00e7\u00e3o e t\u00e9rmino do projeto. Contudo, a escola foi constru\u00edda, mas nunca funcionou, tampouco recebeu destina\u00e7\u00e3o adequada, motivo pelo qual foi instaurado o Inqu\u00e9rito Civil n\u00ba 18\/2014 para averiguar as irregularidades.<\/p>\n<p>Na a\u00e7\u00e3o, o Parquet apontou que o dinheiro p\u00fablico utilizado na obra n\u00e3o foi revertido em prol da sociedade, uma vez que a escola nunca foi utilizada pela popula\u00e7\u00e3o. Sustentou tamb\u00e9m a exist\u00eancia de viola\u00e7\u00e3o ao direito fundamental \u00e0 boa administra\u00e7\u00e3o p\u00fablica e ocorr\u00eancia de danos morais.<\/p>\n<p>Diante dos fatos, por meio da senten\u00e7a proferida pela Vara \u00danica da comarca de Eldorado, julgou-se procedente o pedido formulado pelo MPMS e condenou-se a ex-prefeita ao pagamento de R$ 50 mil, que ser\u00e1 destinado ao FUNLES (Fundo Estadual de Defesa e Repara\u00e7\u00e3o dos Direitos Difusos Lesados &#8211; Lei Estadual n\u00ba 1.721, de 18 de dezembro de 1996). O valor indenizat\u00f3rio dever\u00e1 ser acrescido de corre\u00e7\u00e3o monet\u00e1ria, desde o arbitramento, e juros de mora de 1% ao m\u00eas, a partir do evento danoso (fim da obra e n\u00e3o implementa\u00e7\u00e3o da escola).<\/p>\n","protected":false},"excerpt":{"rendered":"<p>Atendendo ao pedido do Minist\u00e9rio P\u00fablico do Estado de Mato Grosso do Sul, o Ju\u00edzo da comarca de Eldorado condenou a ex-prefeita M. M. A., a indenizar o Munic\u00edpio por danos morais coletivos no valor de R$ 50 mil decorrente da m\u00e1 aplica\u00e7\u00e3o das verbas federais. De acordo com a A\u00e7\u00e3o Civil P\u00fablica de Danos [&hellip;]<\/p>\n","protected":false},"author":3,"featured_media":17202,"comment_status":"open","ping_status":"open","sticky":false,"template":"","format":"standard","meta":{"om_disable_all_campaigns":false,"_monsterinsights_skip_tracking":false,"_monsterinsights_sitenote_active":false,"_monsterinsights_sitenote_note":"","_monsterinsights_sitenote_category":0,"footnotes":""},"categories":[37,266,42],"tags":[],"aioseo_notices":[],"_links":{"self":[{"href":"https:\/\/expressaoms.com.br\/index.php\/wp-json\/wp\/v2\/posts\/17201"}],"collection":[{"href":"https:\/\/expressaoms.com.br\/index.php\/wp-json\/wp\/v2\/posts"}],"about":[{"href":"https:\/\/expressaoms.com.br\/index.php\/wp-json\/wp\/v2\/types\/post"}],"author":[{"embeddable":true,"href":"https:\/\/expressaoms.com.br\/index.php\/wp-json\/wp\/v2\/users\/3"}],"replies":[{"embeddable":true,"href":"https:\/\/expressaoms.com.br\/index.php\/wp-json\/wp\/v2\/comments?post=17201"}],"version-history":[{"count":1,"href":"https:\/\/expressaoms.com.br\/index.php\/wp-json\/wp\/v2\/posts\/17201\/revisions"}],"predecessor-version":[{"id":17203,"href":"https:\/\/expressaoms.com.br\/index.php\/wp-json\/wp\/v2\/posts\/17201\/revisions\/17203"}],"wp:featuredmedia":[{"embeddable":true,"href":"https:\/\/expressaoms.com.br\/index.php\/wp-json\/wp\/v2\/media\/17202"}],"wp:attachment":[{"href":"https:\/\/expressaoms.com.br\/index.php\/wp-json\/wp\/v2\/media?parent=17201"}],"wp:term":[{"taxonomy":"category","embeddable":true,"href":"https:\/\/expressaoms.com.br\/index.php\/wp-json\/wp\/v2\/categories?post=17201"},{"taxonomy":"post_tag","embeddable":true,"href":"https:\/\/expressaoms.com.br\/index.php\/wp-json\/wp\/v2\/tags?post=17201"}],"curies":[{"name":"wp","href":"https:\/\/api.w.org\/{rel}","templated":true}]}}