{"id":17209,"date":"2023-03-14T15:14:44","date_gmt":"2023-03-14T18:14:44","guid":{"rendered":"https:\/\/expressaoms.com.br\/?p=17209"},"modified":"2023-03-14T15:14:44","modified_gmt":"2023-03-14T18:14:44","slug":"marco-lilas-sms-divulga-programacao-de-palestras-e-exames-de-prevencao-ao-colo-de-utero-nas-usfs-de-tres-lagoas","status":"publish","type":"post","link":"https:\/\/expressaoms.com.br\/index.php\/2023\/03\/14\/marco-lilas-sms-divulga-programacao-de-palestras-e-exames-de-prevencao-ao-colo-de-utero-nas-usfs-de-tres-lagoas\/","title":{"rendered":"MAR\u00c7O LIL\u00c1S \u2013 SMS divulga programa\u00e7\u00e3o de palestras e exames de preven\u00e7\u00e3o ao colo de \u00fatero nas USFs de Tr\u00eas Lagoas"},"content":{"rendered":"<p data-raofz=\"16\">O m\u00eas de mar\u00e7o marca um per\u00edodo de aten\u00e7\u00e3o especial para as mulheres, al\u00e9m de celebrarmos no dia 08, o Dia Internacional da Mulher, o m\u00eas \u00e9 dedicado tamb\u00e9m \u00e0 campanha de preven\u00e7\u00e3o e combate ao c\u00e2ncer do colo do \u00fatero, o \u201cMar\u00e7o Lil\u00e1s\u201d. Durante o per\u00edodo, a Secretaria Municipal de Sa\u00fade (SMS) promove a\u00e7\u00f5es com foco na preven\u00e7\u00e3o da doen\u00e7a.<\/p>\n<p data-raofz=\"16\">Nos pr\u00f3ximos dois s\u00e1bados (18 e 25), as Unidades de Sa\u00fade da Fam\u00edlia (USF) v\u00e3o promover o Dia D do \u201cMar\u00e7o Lil\u00e1s\u201d, com a realiza\u00e7\u00e3o de exame de preventivo, consultas de enfermagem e m\u00e9dica; consulta odontol\u00f3gica; testes r\u00e1pidos de Infec\u00e7\u00f5es Sexualmente Transmiss\u00edvel (IST); aplica\u00e7\u00e3o de vacinas e avalia\u00e7\u00e3o antropom\u00e9trica.<\/p>\n<p data-raofz=\"16\"><strong>MAR\u00c7O LIL\u00c1S<\/strong><\/p>\n<p data-raofz=\"16\">O c\u00e2ncer de \u00fatero \u00e9 o terceiro mais frequente entre a popula\u00e7\u00e3o feminina no pa\u00eds O c\u00e2ncer de \u00fatero \u00e9 o terceiro mais frequente entre a popula\u00e7\u00e3o feminina no pa\u00eds (atr\u00e1s do c\u00e2ncer de mama e de colorretal) e a quarta causa de morte de mulheres. Diante deste cen\u00e1rio, o Minist\u00e9rio da Sa\u00fade lan\u00e7ou a campanha Mar\u00e7o Lil\u00e1s com o objetivo de conscientizar a popula\u00e7\u00e3o sobre o tema e ajudar no enfrentamento do c\u00e2ncer de colo do \u00fatero.<\/p>\n<p data-raofz=\"16\">De acordo com o Instituto Nacional do C\u00e2ncer (Inca), entidade federal vinculada ao Minist\u00e9rio da Sa\u00fade para controle do c\u00e2ncer no Pa\u00eds. A previs\u00e3o no per\u00edodo de 2020\/2022, o pa\u00eds alcan\u00e7ou 16.710 novos casos da doen\u00e7a.<\/p>\n<p data-raofz=\"16\">A campanha Mar\u00e7o Lil\u00e1s tem como objetivo, conscientizar a popula\u00e7\u00e3o sobre a preven\u00e7\u00e3o e combate ao c\u00e2ncer de colo uterino, com a busca ativa de mulheres entre 25 a 64 anos para realiza\u00e7\u00e3o do exame, al\u00e9m da realiza\u00e7\u00e3o de a\u00e7\u00f5es voltadas para conscientiza\u00e7\u00e3o.<\/p>\n<p data-raofz=\"16\">Tr\u00eas Lagoas registrou aumento de 39,9% na realiza\u00e7\u00e3o de exames preventivos, em 2022, com 7.274 procedimentos realizados no ano passado, em 2021, foram 5.213 executados na Rede Municipal.<\/p>\n<p data-raofz=\"16\">De acordo com o INCA a meta da campanha \u00e9 resgatar as mulheres que deixaram de fazer o procedimento durante a Pandemia, entre 2019 e 2021, cerca de 2 milh\u00f5es de mulheres deixaram de procurar pelo exame no Brasil.<\/p>\n<p data-raofz=\"16\"><strong>CAMPANHA TR\u00caS LAGOAS<\/strong><\/p>\n<p data-raofz=\"16\">O atendimento nos dias 18 e 25 \u00e9 voltado para todas as mulheres, basta a paciente procurar a USF de refer\u00eancia do seu bairro, ou a mais pr\u00f3xima que esteja participando, \u00e9 necess\u00e1rio apresentar documento original com foto, comprovante de endere\u00e7o e cart\u00e3o SUS, para que a equipe possa atualizar seu cadastro.<\/p>\n<p data-raofz=\"16\">No dia 16 (quinta-feira) a USF Jupi\u00e1 \u00a0ir\u00e1 promover o Dia D do Mar\u00e7o Lil\u00e1s com a\u00e7\u00f5es para o p\u00fablico feminino, das 07h \u00e0s 15h e no dia 30 (quinta-feira) ser\u00e1 a vez da unidade do Distrito de Arapu\u00e1, a USF Nova Tr\u00eas Lagoas oferece os servi\u00e7os durante todo o m\u00eas. Veja as Unidades participantes e hor\u00e1rios de atendimento:<\/p>\n<p data-raofz=\"16\"><strong>DIA 16 (quinta-feira)<\/strong><\/p>\n<p data-raofz=\"16\">USF Jupi\u00e1 \u2013 Das 07h \u00e0s 15h<\/p>\n<p data-raofz=\"16\"><strong>Dia 18 (s\u00e1bado)<\/strong><\/p>\n<p data-raofz=\"16\">USF Vila Piloto \u2013 Das 07h \u00e0s 17h<\/p>\n<p data-raofz=\"16\">USF Vila Haro \u2013\u00a0\u00a0Das 07h \u00e0s 12h<\/p>\n<p data-raofz=\"16\">USF Santa Rita \u2013 Das 07h30 \u00e0s 12h<\/p>\n<p data-raofz=\"16\">USF Ch\u00e1cara Eldorado \u2013 Das 07h \u00e0s 17h<\/p>\n<p data-raofz=\"16\"><strong>Dia 25 (s\u00e1bado)<\/strong><\/p>\n<p data-raofz=\"16\">USF Maristela \u2013 Das 08h \u00e0s 16h<\/p>\n<p data-raofz=\"16\">USF Santa Luzia (Eurides Chagas Cruz) \u2013 Das 08h \u00e0s 17h<\/p>\n<p data-raofz=\"16\">USF Vila Nova (Miguel Nunes) \u2013 Das 07h \u00e0s 17h<\/p>\n<p data-raofz=\"16\">USF S\u00e3o Carlos (Joel Neves) \u2013 Das 07h \u00e0s 16h<\/p>\n<p data-raofz=\"16\">USF Interlagos \u2013 Das 07h \u00e0s 11h<\/p>\n<p data-raofz=\"16\">USF Vila Alegre \u2013 Das 08h \u00e0s 16h<\/p>\n<p data-raofz=\"16\">USF Novo Oeste \u2013 Das 07h \u00e0s 12h<\/p>\n<p data-raofz=\"16\">USF Atenas \u2013 Das 08h \u00e0s 16h<\/p>\n<p data-raofz=\"16\"><strong>Dia 30 (quinta-feira)<\/strong><\/p>\n<p data-raofz=\"16\">USF Arapu\u00e1 \u2013 Das 13h \u00e0s 17h<\/p>\n","protected":false},"excerpt":{"rendered":"<p>O m\u00eas de mar\u00e7o marca um per\u00edodo de aten\u00e7\u00e3o especial para as mulheres, al\u00e9m de celebrarmos no dia 08, o Dia Internacional da Mulher, o m\u00eas \u00e9 dedicado tamb\u00e9m \u00e0 campanha de preven\u00e7\u00e3o e combate ao c\u00e2ncer do colo do \u00fatero, o \u201cMar\u00e7o Lil\u00e1s\u201d. Durante o per\u00edodo, a Secretaria Municipal de Sa\u00fade (SMS) promove a\u00e7\u00f5es [&hellip;]<\/p>\n","protected":false},"author":2,"featured_media":17210,"comment_status":"open","ping_status":"open","sticky":false,"template":"","format":"standard","meta":{"om_disable_all_campaigns":false,"_monsterinsights_skip_tracking":false,"_monsterinsights_sitenote_active":false,"_monsterinsights_sitenote_note":"","_monsterinsights_sitenote_category":0,"footnotes":""},"categories":[44,48],"tags":[],"aioseo_notices":[],"_links":{"self":[{"href":"https:\/\/expressaoms.com.br\/index.php\/wp-json\/wp\/v2\/posts\/17209"}],"collection":[{"href":"https:\/\/expressaoms.com.br\/index.php\/wp-json\/wp\/v2\/posts"}],"about":[{"href":"https:\/\/expressaoms.com.br\/index.php\/wp-json\/wp\/v2\/types\/post"}],"author":[{"embeddable":true,"href":"https:\/\/expressaoms.com.br\/index.php\/wp-json\/wp\/v2\/users\/2"}],"replies":[{"embeddable":true,"href":"https:\/\/expressaoms.com.br\/index.php\/wp-json\/wp\/v2\/comments?post=17209"}],"version-history":[{"count":1,"href":"https:\/\/expressaoms.com.br\/index.php\/wp-json\/wp\/v2\/posts\/17209\/revisions"}],"predecessor-version":[{"id":17211,"href":"https:\/\/expressaoms.com.br\/index.php\/wp-json\/wp\/v2\/posts\/17209\/revisions\/17211"}],"wp:featuredmedia":[{"embeddable":true,"href":"https:\/\/expressaoms.com.br\/index.php\/wp-json\/wp\/v2\/media\/17210"}],"wp:attachment":[{"href":"https:\/\/expressaoms.com.br\/index.php\/wp-json\/wp\/v2\/media?parent=17209"}],"wp:term":[{"taxonomy":"category","embeddable":true,"href":"https:\/\/expressaoms.com.br\/index.php\/wp-json\/wp\/v2\/categories?post=17209"},{"taxonomy":"post_tag","embeddable":true,"href":"https:\/\/expressaoms.com.br\/index.php\/wp-json\/wp\/v2\/tags?post=17209"}],"curies":[{"name":"wp","href":"https:\/\/api.w.org\/{rel}","templated":true}]}}