{"id":17212,"date":"2023-03-14T15:15:28","date_gmt":"2023-03-14T18:15:28","guid":{"rendered":"https:\/\/expressaoms.com.br\/?p=17212"},"modified":"2023-03-14T15:15:28","modified_gmt":"2023-03-14T18:15:28","slug":"inscricoes-para-8a-feira-do-peixe-comeca-nesta-quarta-feira-15","status":"publish","type":"post","link":"https:\/\/expressaoms.com.br\/index.php\/2023\/03\/14\/inscricoes-para-8a-feira-do-peixe-comeca-nesta-quarta-feira-15\/","title":{"rendered":"Inscri\u00e7\u00f5es para 8\u00aa Feira do Peixe come\u00e7a nesta quarta-feira (15)"},"content":{"rendered":"<p data-raofz=\"16\">Come\u00e7a amanh\u00e3, quarta-feira (15), as inscri\u00e7\u00f5es para os interessados em comercializar pescado, na 8\u00aa Feira do Peixe que ser\u00e1 realizada no dia 6 de abril (quinta-feira), das 05h \u00e0s 13h, na Feira Livre Central Tur\u00edstica de Tr\u00eas Lagoas.<\/p>\n<p data-raofz=\"16\">O evento acontece na quinta-feira que antecede a sexta-feira santa, no espa\u00e7o interno do local, os interessados em comercializar pescados devem realizar a inscri\u00e7\u00e3o dos dias 15 de mar\u00e7o a 04 de abril, na Administra\u00e7\u00e3o da Feira Central.<\/p>\n<p data-raofz=\"16\">A tradicional Feira do Peixe \u00e9 realizada pela Secretaria de Desenvolvimento Econ\u00f4mico, Ci\u00eancia e Tecnologia (SEDECT), por meio do Departamento de Turismo e foi institu\u00edda pela lei n\u00ba 3167 de 29 de junho de 2016.<\/p>\n<p data-raofz=\"16\">Em sua oitava edi\u00e7\u00e3o, tem como objetivo oferecer para a comunidade um produto saud\u00e1vel, fresco e de pre\u00e7o justo, al\u00e9m de oportunizar ao produtor um local adequado para a comercializa\u00e7\u00e3o, no per\u00edodo de grande fluxo, na Semana Santa, que precede a P\u00e1scoa.<\/p>\n<p data-raofz=\"16\"><strong>INSCRI\u00c7\u00d5ES<\/strong><\/p>\n<p data-raofz=\"16\">Para efetuar a inscri\u00e7\u00e3o \u00e9 necess\u00e1rio comparecer na Feira Livre Central Tur\u00edstica, em hor\u00e1rio comercial, de segunda a sexta das 7 \u00e0s 11h e das 13 \u00e0s 17h, portando os documentos de Identidade (RG ou CNH), CPF, comprovante de resid\u00eancia e, caso seja pescador, levar o Registro de Pescador Profissional. \u00c9 importante ressaltar que as atividades devem estar em conformidade com as regras estabelecidas com os \u00f3rg\u00e3os ambientais respons\u00e1veis.<\/p>\n<p data-raofz=\"16\">Para mais informa\u00e7\u00f5es entrar em contato pelos telefones (67) 3929 \u2013 9870 ou 3929 \u2013 9873.<\/p>\n<p data-raofz=\"16\"><strong>SERVI\u00c7O<\/strong><\/p>\n<p data-raofz=\"16\"><em>INSCRI\u00c7\u00d5ES FEIRA DO PEIXE<\/em><\/p>\n<p data-raofz=\"16\"><em>Data:<\/em>\u00a0De 15\/03 a 04\/04<\/p>\n<p data-raofz=\"16\"><em>Endere\u00e7o:<\/em>\u00a0Avenida Ros\u00e1rio Congro, s\/n \u2013 na \u00e1rea central<\/p>\n<p data-raofz=\"16\"><em>Hor\u00e1rio:<\/em>\u00a0Das 7 \u00e0s 11h e das 13 \u00e0s 17h<\/p>\n","protected":false},"excerpt":{"rendered":"<p>Come\u00e7a amanh\u00e3, quarta-feira (15), as inscri\u00e7\u00f5es para os interessados em comercializar pescado, na 8\u00aa Feira do Peixe que ser\u00e1 realizada no dia 6 de abril (quinta-feira), das 05h \u00e0s 13h, na Feira Livre Central Tur\u00edstica de Tr\u00eas Lagoas. O evento acontece na quinta-feira que antecede a sexta-feira santa, no espa\u00e7o interno do local, os interessados [&hellip;]<\/p>\n","protected":false},"author":2,"featured_media":17213,"comment_status":"open","ping_status":"open","sticky":false,"template":"","format":"standard","meta":{"om_disable_all_campaigns":false,"_monsterinsights_skip_tracking":false,"_monsterinsights_sitenote_active":false,"_monsterinsights_sitenote_note":"","_monsterinsights_sitenote_category":0,"footnotes":""},"categories":[36,48],"tags":[],"aioseo_notices":[],"_links":{"self":[{"href":"https:\/\/expressaoms.com.br\/index.php\/wp-json\/wp\/v2\/posts\/17212"}],"collection":[{"href":"https:\/\/expressaoms.com.br\/index.php\/wp-json\/wp\/v2\/posts"}],"about":[{"href":"https:\/\/expressaoms.com.br\/index.php\/wp-json\/wp\/v2\/types\/post"}],"author":[{"embeddable":true,"href":"https:\/\/expressaoms.com.br\/index.php\/wp-json\/wp\/v2\/users\/2"}],"replies":[{"embeddable":true,"href":"https:\/\/expressaoms.com.br\/index.php\/wp-json\/wp\/v2\/comments?post=17212"}],"version-history":[{"count":1,"href":"https:\/\/expressaoms.com.br\/index.php\/wp-json\/wp\/v2\/posts\/17212\/revisions"}],"predecessor-version":[{"id":17214,"href":"https:\/\/expressaoms.com.br\/index.php\/wp-json\/wp\/v2\/posts\/17212\/revisions\/17214"}],"wp:featuredmedia":[{"embeddable":true,"href":"https:\/\/expressaoms.com.br\/index.php\/wp-json\/wp\/v2\/media\/17213"}],"wp:attachment":[{"href":"https:\/\/expressaoms.com.br\/index.php\/wp-json\/wp\/v2\/media?parent=17212"}],"wp:term":[{"taxonomy":"category","embeddable":true,"href":"https:\/\/expressaoms.com.br\/index.php\/wp-json\/wp\/v2\/categories?post=17212"},{"taxonomy":"post_tag","embeddable":true,"href":"https:\/\/expressaoms.com.br\/index.php\/wp-json\/wp\/v2\/tags?post=17212"}],"curies":[{"name":"wp","href":"https:\/\/api.w.org\/{rel}","templated":true}]}}