{"id":17218,"date":"2023-03-14T15:18:07","date_gmt":"2023-03-14T18:18:07","guid":{"rendered":"https:\/\/expressaoms.com.br\/?p=17218"},"modified":"2023-03-14T15:18:07","modified_gmt":"2023-03-14T18:18:07","slug":"atletas-da-sejuvel-conquistam-10-medalhas-no-primeiro-estadual-de-atletismo-do-ano","status":"publish","type":"post","link":"https:\/\/expressaoms.com.br\/index.php\/2023\/03\/14\/atletas-da-sejuvel-conquistam-10-medalhas-no-primeiro-estadual-de-atletismo-do-ano\/","title":{"rendered":"Atletas da SEJUVEL conquistam 10 medalhas no primeiro Estadual de Atletismo do ano"},"content":{"rendered":"<p data-raofz=\"16\">Os atletas de Tr\u00eas Lagoas come\u00e7aram 2023 com o p\u00e9 direito nas competi\u00e7\u00f5es estaduais. No \u00faltimo fim de semana (11 e 12), Campo Grande sediou o Campeonato Estadual de Atletismo Sub-20 FAMS, sendo o primeiro evento do calend\u00e1rio deste ano pela Federa\u00e7\u00e3o de Atletismo de Mato Grosso do Sul.<\/p>\n<p data-raofz=\"16\">Concorrendo com mais de 300 atletas de todo o Estado, a delega\u00e7\u00e3o tr\u00eas-lagoense fechou a competi\u00e7\u00e3o com o saldo de 5 medalhas de ouro, 2 de prata e 3 de bronze.<\/p>\n<p data-raofz=\"16\">Os atletas fazem parte do projeto de atletismo da Secretaria Municipal de Esporte, Juventude e Lazer (SEJUVEL) e garantiram suas premia\u00e7\u00f5es:<\/p>\n<div class=\"wp-block-image\" data-raofz=\"16\">\n<figure class=\"alignleft size-large\"><img fetchpriority=\"high\" decoding=\"async\" class=\"wp-image-104187 lazyloaded aligncenter\" src=\"http:\/\/www.treslagoas.ms.gov.br\/wp-content\/uploads\/2023\/03\/atletismo-marco-2023-1-368x920.jpg\" sizes=\"(max-width: 368px) 100vw, 368px\" srcset=\"https:\/\/www.treslagoas.ms.gov.br\/wp-content\/uploads\/2023\/03\/atletismo-marco-2023-1-scaled.jpg 368w, https:\/\/www.treslagoas.ms.gov.br\/wp-content\/uploads\/2023\/03\/atletismo-marco-2023-1-120x300.jpg 120w, https:\/\/www.treslagoas.ms.gov.br\/wp-content\/uploads\/2023\/03\/atletismo-marco-2023-1-768x1920.jpg 768w, https:\/\/www.treslagoas.ms.gov.br\/wp-content\/uploads\/2023\/03\/atletismo-marco-2023-1-614x1536.jpg 614w, https:\/\/www.treslagoas.ms.gov.br\/wp-content\/uploads\/2023\/03\/atletismo-marco-2023-1-75x187.jpg 75w, https:\/\/www.treslagoas.ms.gov.br\/wp-content\/uploads\/2023\/03\/atletismo-marco-2023-1-600x1500.jpg 600w\" alt=\"\" width=\"368\" height=\"920\" data-srcset=\"https:\/\/www.treslagoas.ms.gov.br\/wp-content\/uploads\/2023\/03\/atletismo-marco-2023-1-scaled.jpg 368w, https:\/\/www.treslagoas.ms.gov.br\/wp-content\/uploads\/2023\/03\/atletismo-marco-2023-1-120x300.jpg 120w, https:\/\/www.treslagoas.ms.gov.br\/wp-content\/uploads\/2023\/03\/atletismo-marco-2023-1-768x1920.jpg 768w, https:\/\/www.treslagoas.ms.gov.br\/wp-content\/uploads\/2023\/03\/atletismo-marco-2023-1-614x1536.jpg 614w, https:\/\/www.treslagoas.ms.gov.br\/wp-content\/uploads\/2023\/03\/atletismo-marco-2023-1-75x187.jpg 75w, https:\/\/www.treslagoas.ms.gov.br\/wp-content\/uploads\/2023\/03\/atletismo-marco-2023-1-600x1500.jpg 600w\" data-src=\"http:\/\/www.treslagoas.ms.gov.br\/wp-content\/uploads\/2023\/03\/atletismo-marco-2023-1-368x920.jpg\" data-sizes=\"(max-width: 368px) 100vw, 368px\" \/><\/p>\n<p data-raofz=\"16\">\u2022 Ana Laura Cordeiro \u2013 2 ouros na corrida dos 400 e 800 metros<br \/>\n\u2022 Vit\u00f3ria da Silva Barreto \u2013 2 ouros nas provas arremesso de peso e lan\u00e7amento de disco<br \/>\n\u2022 Pablo dos Anjos Vicente \u2013 1 ouro na corrida dos 800 metros e 1 bronze nos 400 metros<br \/>\n\u2022 Helloise Miguel Longui \u2013 1 prata na corrida dos 100 metros e 1 bronze no salto triplo<br \/>\n\u2022 Gabriel Saraiva \u2013 1 prata na corrida dos 100 metros e 1 bronze no salto em dist\u00e2ncia<br \/>\n\u2022 Luiz Augusto dos Santos \u2013 4\u00ba lugar nas corridas de 1.500 e 3.000 metros<\/p>\n<p data-raofz=\"16\">Com isso, os campe\u00f5es Pablo, Ana Laura e Vit\u00f3ria come\u00e7am a se preparar para representar Tr\u00eas Lagoas e MS no Campeonato Brasileiro Escola CBDE em Bras\u00edlia \u2013 DF, de 20 a 23 de mar\u00e7o.<\/p>\n<p data-raofz=\"16\">O secret\u00e1rio de Esporte, Rialino Medeiros, parabenizou e comemorou a vit\u00f3ria da delega\u00e7\u00e3o. \u201cNossa maior conquista \u00e9 ver que os nossos alunos est\u00e3o se destacando, aproveitando cada ensinamento e treinamento transmitido pelos nossos t\u00e9cnicos e treinadores e representando Tr\u00eas Lagoas t\u00e3o bem nas competi\u00e7\u00f5es fora do Munic\u00edpio. Em nome do prefeito Angelo Guerreiro, que tanto investe no esporte, quero enaltecer o trabalho dos professores Alex Neres e Reynaldo Abr\u00e3o Camargo, que tanto se dedicam pelo atletismo e nos enche de orgulho\u201d, destacou.<\/p>\n<p data-raofz=\"16\">Por sua vez, os professores agradeceram o apoio de Guerreiro, do secret\u00e1rio Rialino e toda a equipe SEJUVEL, da dire\u00e7\u00e3o das escolas Dom Aquino C\u00f4rrea, Fernando C\u00f4rrea, Jo\u00e3o Magiano Pinto, Afonso Pena, SESI TL, Projeto Prodesc\/Bolsa T\u00e9cnico MS.<\/p>\n<\/figure>\n<\/div>\n","protected":false},"excerpt":{"rendered":"<p>Os atletas de Tr\u00eas Lagoas come\u00e7aram 2023 com o p\u00e9 direito nas competi\u00e7\u00f5es estaduais. No \u00faltimo fim de semana (11 e 12), Campo Grande sediou o Campeonato Estadual de Atletismo Sub-20 FAMS, sendo o primeiro evento do calend\u00e1rio deste ano pela Federa\u00e7\u00e3o de Atletismo de Mato Grosso do Sul. Concorrendo com mais de 300 atletas [&hellip;]<\/p>\n","protected":false},"author":2,"featured_media":17219,"comment_status":"open","ping_status":"open","sticky":false,"template":"","format":"standard","meta":{"om_disable_all_campaigns":false,"_monsterinsights_skip_tracking":false,"_monsterinsights_sitenote_active":false,"_monsterinsights_sitenote_note":"","_monsterinsights_sitenote_category":0,"footnotes":""},"categories":[34,36,48],"tags":[],"aioseo_notices":[],"_links":{"self":[{"href":"https:\/\/expressaoms.com.br\/index.php\/wp-json\/wp\/v2\/posts\/17218"}],"collection":[{"href":"https:\/\/expressaoms.com.br\/index.php\/wp-json\/wp\/v2\/posts"}],"about":[{"href":"https:\/\/expressaoms.com.br\/index.php\/wp-json\/wp\/v2\/types\/post"}],"author":[{"embeddable":true,"href":"https:\/\/expressaoms.com.br\/index.php\/wp-json\/wp\/v2\/users\/2"}],"replies":[{"embeddable":true,"href":"https:\/\/expressaoms.com.br\/index.php\/wp-json\/wp\/v2\/comments?post=17218"}],"version-history":[{"count":1,"href":"https:\/\/expressaoms.com.br\/index.php\/wp-json\/wp\/v2\/posts\/17218\/revisions"}],"predecessor-version":[{"id":17220,"href":"https:\/\/expressaoms.com.br\/index.php\/wp-json\/wp\/v2\/posts\/17218\/revisions\/17220"}],"wp:featuredmedia":[{"embeddable":true,"href":"https:\/\/expressaoms.com.br\/index.php\/wp-json\/wp\/v2\/media\/17219"}],"wp:attachment":[{"href":"https:\/\/expressaoms.com.br\/index.php\/wp-json\/wp\/v2\/media?parent=17218"}],"wp:term":[{"taxonomy":"category","embeddable":true,"href":"https:\/\/expressaoms.com.br\/index.php\/wp-json\/wp\/v2\/categories?post=17218"},{"taxonomy":"post_tag","embeddable":true,"href":"https:\/\/expressaoms.com.br\/index.php\/wp-json\/wp\/v2\/tags?post=17218"}],"curies":[{"name":"wp","href":"https:\/\/api.w.org\/{rel}","templated":true}]}}