{"id":17223,"date":"2023-03-14T17:08:46","date_gmt":"2023-03-14T20:08:46","guid":{"rendered":"https:\/\/expressaoms.com.br\/?p=17223"},"modified":"2023-03-14T17:08:46","modified_gmt":"2023-03-14T20:08:46","slug":"camara-aprova-tres-projetos-sobre-saude-de-autoria-dos-vereadores","status":"publish","type":"post","link":"https:\/\/expressaoms.com.br\/index.php\/2023\/03\/14\/camara-aprova-tres-projetos-sobre-saude-de-autoria-dos-vereadores\/","title":{"rendered":"C\u00e2mara aprova tr\u00eas projetos sobre sa\u00fade de autoria dos vereadores"},"content":{"rendered":"<p>Na sess\u00e3o do dia 14 de mar\u00e7o, os vereadores analisaram 10 projetos de lei. Desse total, foram aprovados pelo Plen\u00e1rio tr\u00eas projetos de lei, todos de autoria de vereadores.<\/p>\n<p>Foram aprovados o projeto de lei n\u00ba 112, de 07 de outubro de 2022: cria no \u00e2mbito do munic\u00edpio de Tr\u00eas Lagoas-MS o programa rua da sa\u00fade. De autoria do vereador Paulo Veron.<\/p>\n<p>Projeto de lei n\u00ba 113, de 07 de outubro de 2022: estabelece diretrizes para a implementa\u00e7\u00e3o do programa sa\u00fade no campo no munic\u00edpio de Tr\u00eas Lagoas-MS e regi\u00e3o. De autoria do vereador Paulo Veron.<\/p>\n<p>Projeto de lei n\u00ba. 116, de 09 de novembro de 2022: institui a semana de incentivo \u00e0 doa\u00e7\u00e3o de cabelos para pessoas em tratamento de c\u00e2ncer, no munic\u00edpio de tr\u00eas lagoas, e d\u00e1 outras provid\u00eancias. De autoria da vereadora Marisa Rocha.<\/p>\n<p>Outros sete projetos de lei foram encaminhados para an\u00e1lise e emiss\u00e3o de parecer, nas comiss\u00f5es permanentes da C\u00e2mara. S\u00e3o eles:<\/p>\n<ul>\n<li>projeto de lei n\u00ba. 10 de 07 de mar\u00e7o de 2023: &#8220;altera o art. 1\u00ba da lei n\u00ba 1.982, de 28 de junho de 2005, de modo a corrigir o roteiro anterior&#8221;.<\/li>\n<li>projeto de lei n\u00ba. 11 de 07 de mar\u00e7o de 2023: &#8220;autoriza o poder executivo a firmar termo de cess\u00e3o de uso n\u00e3o onerosa com a Cooperativa Regional de Apicultura e Meliponicultura de Mato Grosso do Sul (Cooperams) para instala\u00e7\u00e3o de colmeias em \u00e1reas p\u00fablicas e d\u00e1 outras provid\u00eancias&#8221;.<\/li>\n<li>projeto de lei n\u00ba. 12 de 07 de mar\u00e7o de 2023: &#8220;fica criado o conselho consultivo das unidades de conserva\u00e7\u00e3o municipais de Tr\u00eas lagoas-MS, revoga a lei que menciona e d\u00e1 outras provid\u00eancias&#8221;.<\/li>\n<li>projeto de lei n\u00ba. 13 de 10 de mar\u00e7o de 2023: &#8220;institui o programa pequenos atletas&#8221;.<\/li>\n<li>projeto de lei n\u00ba. 14 de 10 de mar\u00e7o de 2023: &#8220;disp\u00f5e sobre a publica\u00e7\u00e3o do curr\u00edculo de todos os ocupantes de cargos comissionados vinculados ao poder executivo do munic\u00edpio de Tr\u00eas Lagoas-MS&#8221;.<\/li>\n<\/ul>\n","protected":false},"excerpt":{"rendered":"<p>Na sess\u00e3o do dia 14 de mar\u00e7o, os vereadores analisaram 10 projetos de lei. Desse total, foram aprovados pelo Plen\u00e1rio tr\u00eas projetos de lei, todos de autoria de vereadores. Foram aprovados o projeto de lei n\u00ba 112, de 07 de outubro de 2022: cria no \u00e2mbito do munic\u00edpio de Tr\u00eas Lagoas-MS o programa rua da [&hellip;]<\/p>\n","protected":false},"author":3,"featured_media":17224,"comment_status":"open","ping_status":"open","sticky":false,"template":"","format":"standard","meta":{"om_disable_all_campaigns":false,"_monsterinsights_skip_tracking":false,"_monsterinsights_sitenote_active":false,"_monsterinsights_sitenote_note":"","_monsterinsights_sitenote_category":0,"footnotes":""},"categories":[42,48],"tags":[],"aioseo_notices":[],"_links":{"self":[{"href":"https:\/\/expressaoms.com.br\/index.php\/wp-json\/wp\/v2\/posts\/17223"}],"collection":[{"href":"https:\/\/expressaoms.com.br\/index.php\/wp-json\/wp\/v2\/posts"}],"about":[{"href":"https:\/\/expressaoms.com.br\/index.php\/wp-json\/wp\/v2\/types\/post"}],"author":[{"embeddable":true,"href":"https:\/\/expressaoms.com.br\/index.php\/wp-json\/wp\/v2\/users\/3"}],"replies":[{"embeddable":true,"href":"https:\/\/expressaoms.com.br\/index.php\/wp-json\/wp\/v2\/comments?post=17223"}],"version-history":[{"count":1,"href":"https:\/\/expressaoms.com.br\/index.php\/wp-json\/wp\/v2\/posts\/17223\/revisions"}],"predecessor-version":[{"id":17225,"href":"https:\/\/expressaoms.com.br\/index.php\/wp-json\/wp\/v2\/posts\/17223\/revisions\/17225"}],"wp:featuredmedia":[{"embeddable":true,"href":"https:\/\/expressaoms.com.br\/index.php\/wp-json\/wp\/v2\/media\/17224"}],"wp:attachment":[{"href":"https:\/\/expressaoms.com.br\/index.php\/wp-json\/wp\/v2\/media?parent=17223"}],"wp:term":[{"taxonomy":"category","embeddable":true,"href":"https:\/\/expressaoms.com.br\/index.php\/wp-json\/wp\/v2\/categories?post=17223"},{"taxonomy":"post_tag","embeddable":true,"href":"https:\/\/expressaoms.com.br\/index.php\/wp-json\/wp\/v2\/tags?post=17223"}],"curies":[{"name":"wp","href":"https:\/\/api.w.org\/{rel}","templated":true}]}}