{"id":17226,"date":"2023-03-14T17:27:23","date_gmt":"2023-03-14T20:27:23","guid":{"rendered":"https:\/\/expressaoms.com.br\/?p=17226"},"modified":"2023-03-14T18:13:20","modified_gmt":"2023-03-14T21:13:20","slug":"familia-de-menino-de-2-anos-com-leucemia-precisa-de-ajuda-para-tratamento-em-ms","status":"publish","type":"post","link":"https:\/\/expressaoms.com.br\/index.php\/2023\/03\/14\/familia-de-menino-de-2-anos-com-leucemia-precisa-de-ajuda-para-tratamento-em-ms\/","title":{"rendered":"Fam\u00edlia de menino de 2 anos com leucemia precisa de ajuda para tratamento em MS"},"content":{"rendered":"<p>A fam\u00edlia de Arthur Mathyas Antunes, de 2 anos, diagnosticado com leucemia linfoide aguda B, est\u00e1 pedindo doa\u00e7\u00f5es para pagar o tratamento da crian\u00e7a. De acordo com o pai, Emerson Jos\u00e9 da Silva Machado, eles s\u00e3o de Ponta Por\u00e3, e precisam morar na capital durante os seis primeiros meses da quimioterapia.<\/p>\n<p>Ainda conforme o Emerson, s\u00e3o muitos meses de tratamento, mas apenas os seis primeiros precisam ser na capital.<\/p>\n<p>&#8220;Outros 18 meses de quimioterapia ser\u00e3o necess\u00e1rios, mas podem ser realizados na nossa cidade natal. A gente precisa mudar para Campo Grande nesse nesse tratamento inicial para acompanhar o Arthur&#8221;, relata o pai.<\/p>\n<p>Conforme a fam\u00edlia, o objetivo \u00e9 arrecadar R$ 7, 5 mil para cobrir as despesas de aluguel, comida, transporte e rem\u00e9dios.<\/p>\n<p>Os pais de Arthur contaram ao que est\u00e3o sem poder trabalhar, devido \u00e0 interna\u00e7\u00e3o e tamb\u00e9m ao nascimento do segundo filho do casal, por isso precisam de ajuda. Aqueles que puderem entrar em contato podem transferir o valor que desejar para o pix de Emerson ou para a conta banc\u00e1ria.<\/p>\n<p><strong>Dados Banc\u00e1rios:<\/strong><\/p>\n<p><strong>Chave de pix: emachadoj3@gmail.com<\/strong><\/p>\n<p><strong>Banco: Next 237<\/strong><br \/>\n<strong>Ag\u00eancia: 3728<\/strong><br \/>\n<strong>Conta: 341721-2<\/strong><\/p>\n<p>&nbsp;<\/p>\n<pre>Fonte: G1<\/pre>\n","protected":false},"excerpt":{"rendered":"<p>A fam\u00edlia de Arthur Mathyas Antunes, de 2 anos, diagnosticado com leucemia linfoide aguda B, est\u00e1 pedindo doa\u00e7\u00f5es para pagar o tratamento da crian\u00e7a. De acordo com o pai, Emerson Jos\u00e9 da Silva Machado, eles s\u00e3o de Ponta Por\u00e3, e precisam morar na capital durante os seis primeiros meses da quimioterapia. Ainda conforme o Emerson, [&hellip;]<\/p>\n","protected":false},"author":3,"featured_media":17227,"comment_status":"open","ping_status":"open","sticky":false,"template":"","format":"standard","meta":{"om_disable_all_campaigns":false,"_monsterinsights_skip_tracking":false,"_monsterinsights_sitenote_active":false,"_monsterinsights_sitenote_note":"","_monsterinsights_sitenote_category":0,"footnotes":""},"categories":[30,36,266,44],"tags":[],"aioseo_notices":[],"_links":{"self":[{"href":"https:\/\/expressaoms.com.br\/index.php\/wp-json\/wp\/v2\/posts\/17226"}],"collection":[{"href":"https:\/\/expressaoms.com.br\/index.php\/wp-json\/wp\/v2\/posts"}],"about":[{"href":"https:\/\/expressaoms.com.br\/index.php\/wp-json\/wp\/v2\/types\/post"}],"author":[{"embeddable":true,"href":"https:\/\/expressaoms.com.br\/index.php\/wp-json\/wp\/v2\/users\/3"}],"replies":[{"embeddable":true,"href":"https:\/\/expressaoms.com.br\/index.php\/wp-json\/wp\/v2\/comments?post=17226"}],"version-history":[{"count":1,"href":"https:\/\/expressaoms.com.br\/index.php\/wp-json\/wp\/v2\/posts\/17226\/revisions"}],"predecessor-version":[{"id":17228,"href":"https:\/\/expressaoms.com.br\/index.php\/wp-json\/wp\/v2\/posts\/17226\/revisions\/17228"}],"wp:featuredmedia":[{"embeddable":true,"href":"https:\/\/expressaoms.com.br\/index.php\/wp-json\/wp\/v2\/media\/17227"}],"wp:attachment":[{"href":"https:\/\/expressaoms.com.br\/index.php\/wp-json\/wp\/v2\/media?parent=17226"}],"wp:term":[{"taxonomy":"category","embeddable":true,"href":"https:\/\/expressaoms.com.br\/index.php\/wp-json\/wp\/v2\/categories?post=17226"},{"taxonomy":"post_tag","embeddable":true,"href":"https:\/\/expressaoms.com.br\/index.php\/wp-json\/wp\/v2\/tags?post=17226"}],"curies":[{"name":"wp","href":"https:\/\/api.w.org\/{rel}","templated":true}]}}