{"id":17229,"date":"2023-03-14T18:11:16","date_gmt":"2023-03-14T21:11:16","guid":{"rendered":"https:\/\/expressaoms.com.br\/?p=17229"},"modified":"2023-03-14T18:12:15","modified_gmt":"2023-03-14T21:12:15","slug":"defensor-publico-suspeito-de-envolvimento-com-faccao-e-preso-pelo-gaeco-em-ms","status":"publish","type":"post","link":"https:\/\/expressaoms.com.br\/index.php\/2023\/03\/14\/defensor-publico-suspeito-de-envolvimento-com-faccao-e-preso-pelo-gaeco-em-ms\/","title":{"rendered":"Defensor p\u00fablico suspeito de envolvimento com fac\u00e7\u00e3o \u00e9 preso pelo Gaeco em MS"},"content":{"rendered":"<div id=\"chunk-bln0a\">\n<div class=\"mc-column content-text active-extra-styles active-capital-letter\" data-block-type=\"unstyled\" data-block-weight=\"47\" data-block-id=\"2\">\n<p class=\"content-text__container theme-color-primary-first-letter\" data-track-category=\"Link no Texto\" data-track-links=\"\">O Grupo de Atua\u00e7\u00e3o Especial e Combate ao Crime Organizado (Gaeco) prendeu na manh\u00e3 desta ter\u00e7a-feira (14), em\u00a0Campo Grande, o defensor p\u00fablico de Mato Grosso do Sul Helkis Clark Ghizzi por suspeita de envolvimento com uma fac\u00e7\u00e3o criminosa que age dentro e fora dos pres\u00eddios.<\/p>\n<\/div>\n<\/div>\n<div class=\"wall protected-content\">\n<div id=\"chunk-f6a61\">\n<div class=\"mc-column content-text active-extra-styles \" data-block-type=\"unstyled\" data-block-weight=\"39\" data-block-id=\"3\">\n<p class=\"content-text__container \" data-track-category=\"Link no Texto\" data-track-links=\"\">O defensor foi alvo da segunda fase da Opera\u00e7\u00e3o \u201cCourrier\u201d e no dia 1\u00ba de mar\u00e7o havia sido afastado do cargo. Ghizzi ainda \u00e9 pai de Bruno Ghizzi, preso desde o ano passado por integrar o mesmo grupo criminoso.<\/p>\n<\/div>\n<\/div>\n<div id=\"chunk-8ecb9\">\n<div class=\"mc-column content-text active-extra-styles \" data-block-type=\"unstyled\" data-block-weight=\"22\" data-block-id=\"4\">\n<p class=\"content-text__container \" data-track-category=\"Link no Texto\" data-track-links=\"\">No dia 1\u00ba de mar\u00e7o, agentes do Gaeco j\u00e1 haviam cumprido mandados na casa do defensor durante a opera\u00e7\u00e3o \u201cMa\u00eetre\u201d (Mestre).<\/p>\n<\/div>\n<\/div>\n<div id=\"chunk-69vs3\">\n<div class=\"mc-column content-text active-extra-styles \" data-block-type=\"unstyled\" data-block-weight=\"41\" data-block-id=\"5\">\n<p class=\"content-text__container \" data-track-category=\"Link no Texto\" data-track-links=\"\">O objetivo era reunir provas do envolvimento dele e outros dois advogados com a fac\u00e7\u00e3o paulista. Desde a primeira fase, ocorrida em mar\u00e7o do ano passado, profissionais do direito s\u00e3o investigados por fazerem parte do n\u00facleo conhecido como \u201cSintonia dos Gravatas\u201d.<\/p>\n<\/div>\n<\/div>\n<div id=\"chunk-13sc1\">\n<div class=\"mc-column content-text active-extra-styles \" data-block-type=\"unstyled\" data-block-weight=\"38\" data-block-id=\"6\">\n<p class=\"content-text__container \" data-track-category=\"Link no Texto\" data-track-links=\"\">Segundo o Gaeco, o defensor \u00e9 suspeito de ter utilizado senhas sigilosas para fazer pesquisas em nome de poss\u00edveis v\u00edtimas de atentado nos sistemas ligados a seguran\u00e7a p\u00fablica e ao judici\u00e1rio, um deles um delegado da Pol\u00edcia Civil.<\/p>\n<\/div>\n<\/div>\n<div id=\"chunk-cuhe5\">\n<div class=\"mc-column content-text active-extra-styles \" data-block-type=\"unstyled\" data-block-weight=\"30\" data-block-id=\"7\">\n<p class=\"content-text__container \" data-track-category=\"Link no Texto\" data-track-links=\"\">Al\u00e9m de Helkis Clark, o filho Bruno e Jesuel Marques Ramires, ex-assessor da Defensoria P\u00fablica, que foi exonerado da fun\u00e7\u00e3o, tamb\u00e9m foram alvos da opera\u00e7\u00e3o \u201cMa\u00eetre\u201d no come\u00e7o do m\u00eas.<\/p>\n<\/div>\n<\/div>\n<div id=\"chunk-dtrs1\">\n<div class=\"mc-column content-text active-extra-styles \" data-block-type=\"unstyled\" data-block-weight=\"24\" data-block-id=\"9\">\n<p class=\"content-text__container \" data-track-category=\"Link no Texto\" data-track-links=\"\">Em nota a Defensoria P\u00fablica de Mato Grosso do Sul disse que aguarda receber todas as informa\u00e7\u00f5es a respeito da opera\u00e7\u00e3o realizada nesta ter\u00e7a-feira.<\/p>\n<\/div>\n<\/div>\n<pre data-track-category=\"Link no Texto\">Fonte: G1<\/pre>\n<\/div>\n","protected":false},"excerpt":{"rendered":"<p>O Grupo de Atua\u00e7\u00e3o Especial e Combate ao Crime Organizado (Gaeco) prendeu na manh\u00e3 desta ter\u00e7a-feira (14), em\u00a0Campo Grande, o defensor p\u00fablico de Mato Grosso do Sul Helkis Clark Ghizzi por suspeita de envolvimento com uma fac\u00e7\u00e3o criminosa que age dentro e fora dos pres\u00eddios. O defensor foi alvo da segunda fase da Opera\u00e7\u00e3o \u201cCourrier\u201d [&hellip;]<\/p>\n","protected":false},"author":3,"featured_media":16164,"comment_status":"open","ping_status":"open","sticky":false,"template":"","format":"standard","meta":{"om_disable_all_campaigns":false,"_monsterinsights_skip_tracking":false,"_monsterinsights_sitenote_active":false,"_monsterinsights_sitenote_note":"","_monsterinsights_sitenote_category":0,"footnotes":""},"categories":[30,266,41],"tags":[],"aioseo_notices":[],"_links":{"self":[{"href":"https:\/\/expressaoms.com.br\/index.php\/wp-json\/wp\/v2\/posts\/17229"}],"collection":[{"href":"https:\/\/expressaoms.com.br\/index.php\/wp-json\/wp\/v2\/posts"}],"about":[{"href":"https:\/\/expressaoms.com.br\/index.php\/wp-json\/wp\/v2\/types\/post"}],"author":[{"embeddable":true,"href":"https:\/\/expressaoms.com.br\/index.php\/wp-json\/wp\/v2\/users\/3"}],"replies":[{"embeddable":true,"href":"https:\/\/expressaoms.com.br\/index.php\/wp-json\/wp\/v2\/comments?post=17229"}],"version-history":[{"count":2,"href":"https:\/\/expressaoms.com.br\/index.php\/wp-json\/wp\/v2\/posts\/17229\/revisions"}],"predecessor-version":[{"id":17231,"href":"https:\/\/expressaoms.com.br\/index.php\/wp-json\/wp\/v2\/posts\/17229\/revisions\/17231"}],"wp:featuredmedia":[{"embeddable":true,"href":"https:\/\/expressaoms.com.br\/index.php\/wp-json\/wp\/v2\/media\/16164"}],"wp:attachment":[{"href":"https:\/\/expressaoms.com.br\/index.php\/wp-json\/wp\/v2\/media?parent=17229"}],"wp:term":[{"taxonomy":"category","embeddable":true,"href":"https:\/\/expressaoms.com.br\/index.php\/wp-json\/wp\/v2\/categories?post=17229"},{"taxonomy":"post_tag","embeddable":true,"href":"https:\/\/expressaoms.com.br\/index.php\/wp-json\/wp\/v2\/tags?post=17229"}],"curies":[{"name":"wp","href":"https:\/\/api.w.org\/{rel}","templated":true}]}}