{"id":17235,"date":"2023-03-15T10:17:24","date_gmt":"2023-03-15T13:17:24","guid":{"rendered":"https:\/\/expressaoms.com.br\/?p=17235"},"modified":"2023-03-15T10:17:24","modified_gmt":"2023-03-15T13:17:24","slug":"dada-a-largada-para-os-campeonatos-amador-e-varzeano-2023-em-tres-lagoas","status":"publish","type":"post","link":"https:\/\/expressaoms.com.br\/index.php\/2023\/03\/15\/dada-a-largada-para-os-campeonatos-amador-e-varzeano-2023-em-tres-lagoas\/","title":{"rendered":"Dada a largada para os Campeonatos Amador e Varzeano 2023 em Tr\u00eas Lagoas"},"content":{"rendered":"<p data-raofz=\"16\">A Secretaria Municipal de Esporte, Juventude e Lazer (SEJUVEL) deu in\u00edcio \u00e0 edi\u00e7\u00e3o 2023 dos Campeonatos Municipais de Futebol Amador e Futebol Varzeano no \u00faltimo domingo (12).<\/p>\n<p data-raofz=\"16\">A abertura aconteceu no Est\u00e1dio Municipal \u201cBenedito Soares da Motta \u2013 Madrugad\u00e3o\u201d, com a presen\u00e7a de 31 equipes (10 pelo Amador e 21 pelo Varzeano) inscritas e centenas de pessoas na arquibancada.<\/p>\n<p data-raofz=\"16\">O secret\u00e1rio de Esporte, Rialino Medeiros, abriu o evento desejando boa sorte \u00e0s equipes e pontuando os investimentos que a Administra\u00e7\u00e3o Municipal vem realizando no esporte do Munic\u00edpio. Na oportunidade, ele comentou sobre o calend\u00e1rio de eventos esportivos para todo o ano.<\/p>\n<p data-raofz=\"16\">Ap\u00f3s a cerim\u00f4nia, os times entraram em campo disputando o torneio inicial para garantir pontua\u00e7\u00e3o na tabela de classifica\u00e7\u00e3o do campeonato.<\/p>\n<p data-raofz=\"16\">Pelo <strong>Amador<\/strong>, os campe\u00f5es do torneio :<br \/>\nCampe\u00e3: Orat\u00f3rio SD S\u00e1vio, com 03 pontos;<br \/>\nVice Campe\u00e3: AE Uni\u00e3o S\u00e3o Jo\u00e3o \/ Metodista, 02 pontos;<br \/>\n3\u00ba Lugar: F\u00e1bio Lanches \/ Bar do Bingo, 01 ponto;<br \/>\n4\u00ba Lugar: Fazendinha Casa e Campo \/ BTL, 01 ponto.<\/p>\n<p data-raofz=\"16\">Pelo <strong>Campeonato Varzeano<\/strong>:<br \/>\nCampe\u00e3: XV Vila Nova, que levou 03 pontos;<br \/>\nVice Campe\u00e3: Santa Terezinha, 02 pontos;<br \/>\n3\u00ba Lugar: MAC, 01 ponto;<br \/>\n4\u00ba Lugar: Novo Horizonte, 01 ponto.<br \/>\nNo s\u00e1bado (11), teve tamb\u00e9m o in\u00edcio da Copa dos Servidores Municipais e da Ta\u00e7a Cidade Master 50+.<\/p>\n","protected":false},"excerpt":{"rendered":"<p>A Secretaria Municipal de Esporte, Juventude e Lazer (SEJUVEL) deu in\u00edcio \u00e0 edi\u00e7\u00e3o 2023 dos Campeonatos Municipais de Futebol Amador e Futebol Varzeano no \u00faltimo domingo (12). A abertura aconteceu no Est\u00e1dio Municipal \u201cBenedito Soares da Motta \u2013 Madrugad\u00e3o\u201d, com a presen\u00e7a de 31 equipes (10 pelo Amador e 21 pelo Varzeano) inscritas e centenas [&hellip;]<\/p>\n","protected":false},"author":2,"featured_media":17236,"comment_status":"open","ping_status":"open","sticky":false,"template":"","format":"standard","meta":{"om_disable_all_campaigns":false,"_monsterinsights_skip_tracking":false,"_monsterinsights_sitenote_active":false,"_monsterinsights_sitenote_note":"","_monsterinsights_sitenote_category":0,"footnotes":""},"categories":[34,36,48],"tags":[],"aioseo_notices":[],"_links":{"self":[{"href":"https:\/\/expressaoms.com.br\/index.php\/wp-json\/wp\/v2\/posts\/17235"}],"collection":[{"href":"https:\/\/expressaoms.com.br\/index.php\/wp-json\/wp\/v2\/posts"}],"about":[{"href":"https:\/\/expressaoms.com.br\/index.php\/wp-json\/wp\/v2\/types\/post"}],"author":[{"embeddable":true,"href":"https:\/\/expressaoms.com.br\/index.php\/wp-json\/wp\/v2\/users\/2"}],"replies":[{"embeddable":true,"href":"https:\/\/expressaoms.com.br\/index.php\/wp-json\/wp\/v2\/comments?post=17235"}],"version-history":[{"count":1,"href":"https:\/\/expressaoms.com.br\/index.php\/wp-json\/wp\/v2\/posts\/17235\/revisions"}],"predecessor-version":[{"id":17237,"href":"https:\/\/expressaoms.com.br\/index.php\/wp-json\/wp\/v2\/posts\/17235\/revisions\/17237"}],"wp:featuredmedia":[{"embeddable":true,"href":"https:\/\/expressaoms.com.br\/index.php\/wp-json\/wp\/v2\/media\/17236"}],"wp:attachment":[{"href":"https:\/\/expressaoms.com.br\/index.php\/wp-json\/wp\/v2\/media?parent=17235"}],"wp:term":[{"taxonomy":"category","embeddable":true,"href":"https:\/\/expressaoms.com.br\/index.php\/wp-json\/wp\/v2\/categories?post=17235"},{"taxonomy":"post_tag","embeddable":true,"href":"https:\/\/expressaoms.com.br\/index.php\/wp-json\/wp\/v2\/tags?post=17235"}],"curies":[{"name":"wp","href":"https:\/\/api.w.org\/{rel}","templated":true}]}}