{"id":1727,"date":"2021-10-22T14:53:47","date_gmt":"2021-10-22T17:53:47","guid":{"rendered":"https:\/\/expressaoms.com.br\/?p=1727"},"modified":"2021-10-22T14:53:47","modified_gmt":"2021-10-22T17:53:47","slug":"hoje-e-o-ultimo-dia-para-realizar-a-inscricao-para-comercializacao-de-produtos-para-dia-de-finados-no-entorno-do-cemiterio-municipal","status":"publish","type":"post","link":"https:\/\/expressaoms.com.br\/index.php\/2021\/10\/22\/hoje-e-o-ultimo-dia-para-realizar-a-inscricao-para-comercializacao-de-produtos-para-dia-de-finados-no-entorno-do-cemiterio-municipal\/","title":{"rendered":"Hoje \u00e9 o \u00faltimo dia para realizar a inscri\u00e7\u00e3o para comercializa\u00e7\u00e3o de produtos para Dia de Finados no entorno do Cemit\u00e9rio Municipal"},"content":{"rendered":"<p>A Secretaria Municipal de Desenvolvimento Econ\u00f4mico, Ci\u00eancia e Tecnologia (SEDECT) informa que se encerra hoje, sexta-feira (22), o prazo para as inscri\u00e7\u00f5es voltadas a libera\u00e7\u00e3o de alvar\u00e1 eventual aos interessados em comercializar produtos alusivos ao Dia de Finados no entorno do Cemit\u00e9rio Municipal Campo Santo de Santo Ant\u00f4nio nos dias, 30, 31 de outubro, 01 e 02 de novembro.<\/p>\n<p>Neste ano, a Secretaria Municipal de Desenvolvimento Econ\u00f4mico, Ci\u00eancia e Tecnologia (SEDECT) reservou 32 espa\u00e7os que ser\u00e3o distribu\u00eddos entre ambos os lados da Avenida da Saudade e Rua Ab\u00edlio Siqueira Campos. Os cadastrados poder\u00e3o comercializar velas, arranjos, bebidas n\u00e3o alco\u00f3licas e alimentos permitidos no C\u00f3digo de Postura do Munic\u00edpio.<\/p>\n<p>De acordo com a pasta, n\u00e3o ser\u00e1 permitida a venda de produtos no local sem o alvar\u00e1 expedido pela SEDECT, nem mesmo comercializa\u00e7\u00e3o dos produtos no interior do cemit\u00e9rio e fora do local reservado previamente.<\/p>\n<p><strong>Documentos<\/strong><\/p>\n<p>Para o preenchimento do cadastro, que ser\u00e1 realizado por ordem de chegada no local, os interessados devem estar munidos das c\u00f3pias dos seguintes documentos:<\/p>\n<p><strong>Pessoa f\u00edsica<\/strong><\/p>\n<p>\u2022 C\u00f3pia do Registro de identifica\u00e7\u00e3o \u2013 RG do requisitante;<br \/>\n\u2022 C\u00f3pia do CPF;<br \/>\n\u2022 C\u00f3pia do Comprovante de Endere\u00e7o.<\/p>\n<p><strong>Pessoa jur\u00eddica<\/strong><\/p>\n<p>\u2022 C\u00f3pia do CNPJ;<br \/>\n\u2022 C\u00f3pia do Alvar\u00e1 de Funcionamento Municipal;<br \/>\n\u2022 C\u00f3pia do Registro de identifica\u00e7\u00e3o \u2013 RG do requisitante;<br \/>\n\u2022 C\u00f3pia do CPF do requisitante;<br \/>\n\u2022 Comprovante de Endere\u00e7o.<br \/>\n\u2022 Caso a empresa n\u00e3o esteja no nome da pessoa requisitante dever\u00e1 ser apresentada uma procura\u00e7\u00e3o com data v\u00e1lida, a qual dever\u00e1 ser juntada c\u00f3pia no protocolo.<\/p>\n<p><strong>COVID \u2013 19<\/strong><\/p>\n<p>Para evitar cont\u00e1gio e seguir as normas de biosseguran\u00e7a, contribuintes dever\u00e3o fornecer \u00e1lcool em gel em suas tendas para os visitantes e ambos dever\u00e3o usar m\u00e1scaras.<\/p>\n<p><strong>Servi\u00e7o<\/strong><\/p>\n<p>Os interessados devem procurar a Secretaria de Desenvolvimento Econ\u00f4mico, Ci\u00eancia e Tecnologia comparecer na sede da mesma, localizada na Rua Jo\u00e3o Carrato, n\u00ba 33 \u2013 Centro, das 7h \u00e0s 11h e das 13h \u00e0s 17 h.<\/p>\n","protected":false},"excerpt":{"rendered":"<p>A Secretaria Municipal de Desenvolvimento Econ\u00f4mico, Ci\u00eancia e Tecnologia (SEDECT) informa que se encerra hoje, sexta-feira (22), o prazo para as inscri\u00e7\u00f5es voltadas a libera\u00e7\u00e3o de alvar\u00e1 eventual aos interessados em comercializar produtos alusivos ao Dia de Finados no entorno do Cemit\u00e9rio Municipal Campo Santo de Santo Ant\u00f4nio nos dias, 30, 31 de outubro, 01 [&hellip;]<\/p>\n","protected":false},"author":3,"featured_media":0,"comment_status":"open","ping_status":"open","sticky":false,"template":"","format":"standard","meta":{"om_disable_all_campaigns":false,"_monsterinsights_skip_tracking":false,"_monsterinsights_sitenote_active":false,"_monsterinsights_sitenote_note":"","_monsterinsights_sitenote_category":0,"footnotes":""},"categories":[36,48],"tags":[172],"aioseo_notices":[],"_links":{"self":[{"href":"https:\/\/expressaoms.com.br\/index.php\/wp-json\/wp\/v2\/posts\/1727"}],"collection":[{"href":"https:\/\/expressaoms.com.br\/index.php\/wp-json\/wp\/v2\/posts"}],"about":[{"href":"https:\/\/expressaoms.com.br\/index.php\/wp-json\/wp\/v2\/types\/post"}],"author":[{"embeddable":true,"href":"https:\/\/expressaoms.com.br\/index.php\/wp-json\/wp\/v2\/users\/3"}],"replies":[{"embeddable":true,"href":"https:\/\/expressaoms.com.br\/index.php\/wp-json\/wp\/v2\/comments?post=1727"}],"version-history":[{"count":1,"href":"https:\/\/expressaoms.com.br\/index.php\/wp-json\/wp\/v2\/posts\/1727\/revisions"}],"predecessor-version":[{"id":1729,"href":"https:\/\/expressaoms.com.br\/index.php\/wp-json\/wp\/v2\/posts\/1727\/revisions\/1729"}],"wp:attachment":[{"href":"https:\/\/expressaoms.com.br\/index.php\/wp-json\/wp\/v2\/media?parent=1727"}],"wp:term":[{"taxonomy":"category","embeddable":true,"href":"https:\/\/expressaoms.com.br\/index.php\/wp-json\/wp\/v2\/categories?post=1727"},{"taxonomy":"post_tag","embeddable":true,"href":"https:\/\/expressaoms.com.br\/index.php\/wp-json\/wp\/v2\/tags?post=1727"}],"curies":[{"name":"wp","href":"https:\/\/api.w.org\/{rel}","templated":true}]}}