{"id":1736,"date":"2021-10-22T17:02:32","date_gmt":"2021-10-22T20:02:32","guid":{"rendered":"https:\/\/expressaoms.com.br\/?p=1736"},"modified":"2021-10-22T17:06:18","modified_gmt":"2021-10-22T20:06:18","slug":"camara-de-tres-lagoas-tera-comissao-de-etica-e-voltara-a-fazer-duas-sessoes-por-semana","status":"publish","type":"post","link":"https:\/\/expressaoms.com.br\/index.php\/2021\/10\/22\/camara-de-tres-lagoas-tera-comissao-de-etica-e-voltara-a-fazer-duas-sessoes-por-semana\/","title":{"rendered":"C\u00e2mara de Tr\u00eas Lagoas ter\u00e1 Comiss\u00e3o de \u00c9tica e voltar\u00e1 a fazer duas sess\u00f5es por semana"},"content":{"rendered":"<p>Em entrevista exclusiva ao <strong>Jornal Express\u00e3o MS<\/strong> nesta sexta-feira (22), o vereador e presidente da C\u00e2mara Dr. Cassino Maia falou sobre v\u00e1rios assuntos de interesse da popula\u00e7\u00e3o tr\u00eas-lagoense, e anunciou que j\u00e1 protocolou um projeto que cria a Comiss\u00e3o de \u00c9tica no legislativo, que dever\u00e1 ser votado ainda neste ano. O retorno de duas sess\u00f5es por semana (suspenso por causa da pandemia), sa\u00fade do munic\u00edpio, Hospital Regional, futuro pol\u00edtico e outros projetos de sua autoria, tamb\u00e9m foram abordados na entrevista que pode ser assistida no final dessa mat\u00e9ria, e nas redes sociais do <strong>Express\u00e3o MS<\/strong> no <a href=\"https:\/\/fb.watch\/8OKNL9uARM\/\">Facebook<\/a> e <a href=\"https:\/\/www.youtube.com\/watch?v=aRQckk05eQo\">You Tube<\/a>.<\/p>\n<p><img decoding=\"async\" class=\"alignnone size-medium wp-image-1737\" src=\"https:\/\/expressaoms.com.br\/wp-content\/uploads\/2021\/10\/Screenshot_20211022-155034_YouTube-300x165.jpg\" alt=\"\" width=\"300\" height=\"165\" \/><\/p>\n<p>Ao comentar sua experi\u00eancia como secret\u00e1rio em tr\u00eas importantes secretarias da prefeitura, na primeira gest\u00e3o do prefeito Angelo Guerreiro, Cassiano Maia disse que foi um grande desafio assumir a secretaria de Sa\u00fade do munic\u00edpio, apesar de ser m\u00e9dico, as quest\u00f5es da iniciativa privada e p\u00fablica exigem muita aten\u00e7\u00e3o e dedica\u00e7\u00e3o, mas tem muita coisa diferente.<\/p>\n<blockquote><p><em>&#8220;\u00c9 muito diferente ter um conhecimento e uma viv\u00eancia no setor privado na parte da sa\u00fade, e passar todo esse conhecimento para o poder p\u00fablico. Lembro no primeiro dia de mandato do prefeito Angelo Guerreiro e ele me chamou pra estar na casa dele as 4:30 da manh\u00e3 e me disse: Cassiano, eu quero ser um prefeito que tenha o reconhecimento na sa\u00fade. Ali a gente nem imagin\u00e1vamos o qu\u00e3o bom ele iria ser como gestor p\u00fablico completo, n\u00e3o s\u00f3 na sa\u00fade&#8221;.<\/em><\/p><\/blockquote>\n<p>A experi\u00eancia no comando do Comit\u00ea de Enfrentamento \u00e0 pandemia da Covid-19 tamb\u00e9m foi abordado na entrevista. &#8220;Sem d\u00favida foi o maior desafio da minha vida. Esse comit\u00ea foi onde a gente quis fazer da preven\u00e7\u00e3o e da prote\u00e7\u00e3o do coronav\u00edrus, e ter o cuidado para que o menos poss\u00edvel fosse atacada a economia do munic\u00edpio&#8221;. Falando sobre a situa\u00e7\u00e3o atual e decl\u00ednio nos registros de casos confirmados e \u00f3bitos, o presidente da C\u00e2mara avalia que a participa\u00e7\u00e3o de todos foi fundamental para chegar no momento atual de retomada das atividades de v\u00e1rios segmentos da economia local. &#8220;A gente n\u00e3o pode deixar de parabenizar toda a popula\u00e7\u00e3o tr\u00eas-lagoense, ela entendeu o que o comit\u00ea quis passar pra ela e foi fundamental porque foi muito educada e teve o conhecimento necess\u00e1rio, e isso foi pe\u00e7a chave&#8221;.<\/p>\n<p>A inaugura\u00e7\u00e3o e funcionamento do Hospital Regional pelo Governo do Estado, deve trazer mudan\u00e7as no atendimento da sa\u00fade a quest\u00f5es de m\u00e9dia e alta complexidade para Tr\u00eas Lagoas e munic\u00edpios da regi\u00e3o. De acordo com Cassiano Maia, a licita\u00e7\u00e3o para contrata\u00e7\u00e3o de empresa para gerir o Hospital Regional deve ser feita at\u00e9 o final do ano para que os atendimentos tenham in\u00edcio logo em seguida. Segundo ele, as obras f\u00edsicas j\u00e1 est\u00e3o conclu\u00eddas.<\/p>\n<p>Sobre a implanta\u00e7\u00e3o de uma Comiss\u00e3o de \u00c9tica na C\u00e2mara, projeto de sua autoria, Cassiano disse que deve ser votado ainda neste ano e comentou sobre a import\u00e2ncia do mesmo para a Casa Legislativa e todo setor p\u00fablico.<\/p>\n<blockquote><p><em>&#8220;\u00c9 fundamental toda estrutura p\u00fablica ter um pilar de um conselho \u00e9tico. Uma comiss\u00e3o de \u00e9tica protege as estruturas e ali na C\u00e2mara n\u00e3o vai ser diferente. A gente precisa delinear todas as regras, todas as obriga\u00e7\u00f5es, deveres e at\u00e9 mesmo puni\u00e7\u00f5es e quantificar essas puni\u00e7\u00f5es. Essa comiss\u00e3o de \u00e9tica vai ser muito importante para que n\u00f3s vereadores consigamos de forma mais respeitosa trabalhar e respeitar o parlamento. N\u00f3s n\u00e3o podemos nos comportar de forma irregular. Quero garantir aqui que vamos ter uma C\u00e2mara Municipal com uma comiss\u00e3o de \u00e9tica com um conselho \u00e9tico importante, forte e respeitoso para toda nossa popula\u00e7\u00e3o&#8221;<\/em><\/p><\/blockquote>\n<p>A entrevista na \u00edntegra pode ser assistida no link abaixo:<\/p>\n<p><iframe title=\"JORNAL EXPRESS\u00c3O MS - ENTREVISTA COM Dr. CASSIANO MAIA (22-10-21)\" width=\"640\" height=\"360\" src=\"https:\/\/www.youtube.com\/embed\/aRQckk05eQo?feature=oembed\" frameborder=\"0\" allow=\"accelerometer; autoplay; clipboard-write; encrypted-media; gyroscope; picture-in-picture; web-share\" referrerpolicy=\"strict-origin-when-cross-origin\" allowfullscreen><\/iframe><\/p>\n<p>&nbsp;<\/p>\n<p>&nbsp;<\/p>\n<p>&nbsp;<\/p>\n","protected":false},"excerpt":{"rendered":"<p>Em entrevista exclusiva ao Jornal Express\u00e3o MS nesta sexta-feira (22), o vereador e presidente da C\u00e2mara Dr. Cassino Maia falou sobre v\u00e1rios assuntos de interesse da popula\u00e7\u00e3o tr\u00eas-lagoense, e anunciou que j\u00e1 protocolou um projeto que cria a Comiss\u00e3o de \u00c9tica no legislativo, que dever\u00e1 ser votado ainda neste ano. O retorno de duas sess\u00f5es [&hellip;]<\/p>\n","protected":false},"author":3,"featured_media":0,"comment_status":"open","ping_status":"open","sticky":false,"template":"","format":"standard","meta":{"om_disable_all_campaigns":false,"_monsterinsights_skip_tracking":false,"_monsterinsights_sitenote_active":false,"_monsterinsights_sitenote_note":"","_monsterinsights_sitenote_category":0,"footnotes":""},"categories":[30,42,48],"tags":[188,172],"aioseo_notices":[],"_links":{"self":[{"href":"https:\/\/expressaoms.com.br\/index.php\/wp-json\/wp\/v2\/posts\/1736"}],"collection":[{"href":"https:\/\/expressaoms.com.br\/index.php\/wp-json\/wp\/v2\/posts"}],"about":[{"href":"https:\/\/expressaoms.com.br\/index.php\/wp-json\/wp\/v2\/types\/post"}],"author":[{"embeddable":true,"href":"https:\/\/expressaoms.com.br\/index.php\/wp-json\/wp\/v2\/users\/3"}],"replies":[{"embeddable":true,"href":"https:\/\/expressaoms.com.br\/index.php\/wp-json\/wp\/v2\/comments?post=1736"}],"version-history":[{"count":3,"href":"https:\/\/expressaoms.com.br\/index.php\/wp-json\/wp\/v2\/posts\/1736\/revisions"}],"predecessor-version":[{"id":1741,"href":"https:\/\/expressaoms.com.br\/index.php\/wp-json\/wp\/v2\/posts\/1736\/revisions\/1741"}],"wp:attachment":[{"href":"https:\/\/expressaoms.com.br\/index.php\/wp-json\/wp\/v2\/media?parent=1736"}],"wp:term":[{"taxonomy":"category","embeddable":true,"href":"https:\/\/expressaoms.com.br\/index.php\/wp-json\/wp\/v2\/categories?post=1736"},{"taxonomy":"post_tag","embeddable":true,"href":"https:\/\/expressaoms.com.br\/index.php\/wp-json\/wp\/v2\/tags?post=1736"}],"curies":[{"name":"wp","href":"https:\/\/api.w.org\/{rel}","templated":true}]}}