{"id":17773,"date":"2023-03-31T09:51:14","date_gmt":"2023-03-31T12:51:14","guid":{"rendered":"https:\/\/expressaoms.com.br\/?p=17773"},"modified":"2023-03-31T09:51:14","modified_gmt":"2023-03-31T12:51:14","slug":"riedel-vistoria-centro-de-monitoramento-das-escolas-estaduais","status":"publish","type":"post","link":"https:\/\/expressaoms.com.br\/index.php\/2023\/03\/31\/riedel-vistoria-centro-de-monitoramento-das-escolas-estaduais\/","title":{"rendered":"Riedel vistoria Centro de Monitoramento das escolas estaduais"},"content":{"rendered":"<p>O governador Eduardo Riedel visitou no final do expediente desta quinta-feira (30) a Centro de Monitoramento das escolas da Rede Estadual de Ensino, que fica em Campo Grande, no bairro Amamba\u00ed. O local tem o controle em tempo real das unidades que j\u00e1 disp\u00f5e de c\u00e2meras e sistema eletr\u00f4nico, que fazem a vigil\u00e2ncia da unidade, para levar seguran\u00e7a aos alunos e profissionais. Ele tem pressa e urg\u00eancia em tratar do tema, que virou pauta nacional ap\u00f3s a trag\u00e9dia em S\u00e3o Paulo.<\/p>\n<p>\u201cViemos visitar hoje o centro de monitoramento das escolas estaduais de Mato Grosso do Sul. Uma opera\u00e7\u00e3o moderna, extremamente digital, onde estamos concluindo neste m\u00eas de abril 298 escolas neste sistema, das 348 que o Estado tem. Maneira da gente monitorar todas estas unidades. O tempo de respostas das equipes de 5 minutos at\u00e9 a escola. Estamos buscando um ambiente cada vez mais seguro aos nossos alunos e professores\u201d, disse o governador.<\/p>\n<p>O Centro come\u00e7ou a funcionar em abril do ano passado. Hoje conta com 10 salas e 240 funcion\u00e1rios. Ela funciona 24 horas por dia. O monitoramento das escolas \u00e9 feito em quatro turnos de funcion\u00e1rios. Ainda disp\u00f5e de uma sala de tecnologia que cuida das condi\u00e7\u00f5es das c\u00e2meras, identificando defeitos ou mau funcionamento dos aparelhos.<\/p>\n<p>O monitoramento com diversas c\u00e2meras j\u00e1 faz parte da realidade de 245 escolas da Rede Estadual, que j\u00e1 possuem o sistema instalado e contam com os benef\u00edcios promovidos neste programa. Em Mato Grosso do Sul a execu\u00e7\u00e3o do projeto \u00e9 feito por interm\u00e9dio do COSI (Centro de Opera\u00e7\u00f5es de Seguran\u00e7a Integrado).<\/p>\n<p><img fetchpriority=\"high\" decoding=\"async\" class=\"alignnone size-full wp-image-17774\" src=\"https:\/\/expressaoms.com.br\/wp-content\/uploads\/2023\/03\/Governador-visita-o-COSI-Foto-Bruno-Rezende-03-1024x683-1.jpg\" alt=\"\" width=\"1024\" height=\"683\" srcset=\"https:\/\/expressaoms.com.br\/wp-content\/uploads\/2023\/03\/Governador-visita-o-COSI-Foto-Bruno-Rezende-03-1024x683-1.jpg 1024w, https:\/\/expressaoms.com.br\/wp-content\/uploads\/2023\/03\/Governador-visita-o-COSI-Foto-Bruno-Rezende-03-1024x683-1-600x400.jpg 600w, https:\/\/expressaoms.com.br\/wp-content\/uploads\/2023\/03\/Governador-visita-o-COSI-Foto-Bruno-Rezende-03-1024x683-1-300x200.jpg 300w, https:\/\/expressaoms.com.br\/wp-content\/uploads\/2023\/03\/Governador-visita-o-COSI-Foto-Bruno-Rezende-03-1024x683-1-768x512.jpg 768w\" sizes=\"(max-width: 1024px) 100vw, 1024px\" \/><br \/>\nA previs\u00e3o \u00e9 que este monitoramento chegue a 298 escolas at\u00e9 o final de abril, estando presente em todos os munic\u00edpios do Estado. Ao todo s\u00e3o 348 escolas da Rede Estadual de Ensino. Vai faltar implantar o sistema apenas nas unidades da zona rural.<\/p>\n<p>Segundo a SED (Secretaria Estadual de Educa\u00e7\u00e3o), este sistema possibilita uma resposta em tempo real nas unidades, com centro de manuten\u00e7\u00e3o de log\u00edstica, equipe treinada, corre\u00e7\u00e3o de vandalismo, dando todo apoio nas investiga\u00e7\u00f5es policiais. O objetivo \u00e9 levar seguran\u00e7a e modernidade para educa\u00e7\u00e3o p\u00fablica de Mato Grosso do Sul.<\/p>\n<p>Ao todo 120 funcion\u00e1rios ficam \u00e0 disposi\u00e7\u00e3o para irem at\u00e9 as escolas, tendo um tempo de resposta de 5 a 10 minutos de motos. Quando forem ocorr\u00eancias para manuten\u00e7\u00e3o ou fiscaliza\u00e7\u00e3o s\u00e3o enviadas equipes de carro.<\/p>\n<p>Cada escola que j\u00e1 faz parte do monitoramento tem de 2 a 8 c\u00e2meras, de acordo com o tamanho da unidade. No local ainda tem o controle de acesso (fechadura eletr\u00f4nica) e sistema de alarme. O diretor de cada unidade tem acesso \u00e0s suas imagens e pode acionar a Central pelo aplicativo. A maior parte das ocorr\u00eancias s\u00e3o pedidos de manuten\u00e7\u00e3o e os principais problemas envolvem furtos e casos de vandalismo.<\/p>\n","protected":false},"excerpt":{"rendered":"<p>O governador Eduardo Riedel visitou no final do expediente desta quinta-feira (30) a Centro de Monitoramento das escolas da Rede Estadual de Ensino, que fica em Campo Grande, no bairro Amamba\u00ed. O local tem o controle em tempo real das unidades que j\u00e1 disp\u00f5e de c\u00e2meras e sistema eletr\u00f4nico, que fazem a vigil\u00e2ncia da unidade, [&hellip;]<\/p>\n","protected":false},"author":3,"featured_media":17775,"comment_status":"open","ping_status":"open","sticky":false,"template":"","format":"standard","meta":{"om_disable_all_campaigns":false,"_monsterinsights_skip_tracking":false,"_monsterinsights_sitenote_active":false,"_monsterinsights_sitenote_note":"","_monsterinsights_sitenote_category":0,"footnotes":""},"categories":[30,32,266,42],"tags":[],"aioseo_notices":[],"_links":{"self":[{"href":"https:\/\/expressaoms.com.br\/index.php\/wp-json\/wp\/v2\/posts\/17773"}],"collection":[{"href":"https:\/\/expressaoms.com.br\/index.php\/wp-json\/wp\/v2\/posts"}],"about":[{"href":"https:\/\/expressaoms.com.br\/index.php\/wp-json\/wp\/v2\/types\/post"}],"author":[{"embeddable":true,"href":"https:\/\/expressaoms.com.br\/index.php\/wp-json\/wp\/v2\/users\/3"}],"replies":[{"embeddable":true,"href":"https:\/\/expressaoms.com.br\/index.php\/wp-json\/wp\/v2\/comments?post=17773"}],"version-history":[{"count":1,"href":"https:\/\/expressaoms.com.br\/index.php\/wp-json\/wp\/v2\/posts\/17773\/revisions"}],"predecessor-version":[{"id":17776,"href":"https:\/\/expressaoms.com.br\/index.php\/wp-json\/wp\/v2\/posts\/17773\/revisions\/17776"}],"wp:featuredmedia":[{"embeddable":true,"href":"https:\/\/expressaoms.com.br\/index.php\/wp-json\/wp\/v2\/media\/17775"}],"wp:attachment":[{"href":"https:\/\/expressaoms.com.br\/index.php\/wp-json\/wp\/v2\/media?parent=17773"}],"wp:term":[{"taxonomy":"category","embeddable":true,"href":"https:\/\/expressaoms.com.br\/index.php\/wp-json\/wp\/v2\/categories?post=17773"},{"taxonomy":"post_tag","embeddable":true,"href":"https:\/\/expressaoms.com.br\/index.php\/wp-json\/wp\/v2\/tags?post=17773"}],"curies":[{"name":"wp","href":"https:\/\/api.w.org\/{rel}","templated":true}]}}