{"id":17777,"date":"2023-03-31T07:54:01","date_gmt":"2023-03-31T10:54:01","guid":{"rendered":"https:\/\/expressaoms.com.br\/?p=17777"},"modified":"2023-03-31T10:05:09","modified_gmt":"2023-03-31T13:05:09","slug":"sexta-feira-tem-previsao-de-sol-com-chuvas-isoladas-em-diferentes-regioes-do-estado","status":"publish","type":"post","link":"https:\/\/expressaoms.com.br\/index.php\/2023\/03\/31\/sexta-feira-tem-previsao-de-sol-com-chuvas-isoladas-em-diferentes-regioes-do-estado\/","title":{"rendered":"Sexta-feira tem previs\u00e3o de sol, com chuvas isoladas em diferentes regi\u00f5es do Estado"},"content":{"rendered":"<p>Nesta sexta-feira (31) a previs\u00e3o \u00e9 de tempo com sol, temperaturas elevadas, mas com possibilidade de pancadas de chuva isoladas em diferentes regi\u00f5es do Estado. Este cen\u00e1rio deve seguir por todo final de semana. Em Aquidauana, no come\u00e7o do Pantanal, pode chegar a 35\u00b0C.<\/p>\n<p>Segundo o Cemtec (Centro do Monitoramento do Tempo e do Clima de MS), este tempo quente e seco \u00e9 favorecido pela atua\u00e7\u00e3o de uma circula\u00e7\u00e3o anticicl\u00f4nica. As chuvas ser\u00e3o de intensidade fraca e moderada devido a combina\u00e7\u00e3o de calor e umidade, aliando ao avan\u00e7o de uma frente fria oce\u00e2nica.<\/p>\n<p>Em Campo Grande a temperatura deve variar entre 22\u00b0C e 32\u00b0C, com possibilidade de chuva ao longo do dia. J\u00e1 em Dourados fica entre 22\u00b0C e 34\u00b0C e Ponta Por\u00e3, na regi\u00e3o de fronteira, ter\u00e1 m\u00e1xima de 31\u00b0C, com m\u00ednima de 21\u00b0C. Na cidade de Corumb\u00e1 a varia\u00e7\u00e3o ser\u00e1 de 24\u00b0C (m\u00ednima) e 33\u00b0C (m\u00e1xima).<\/p>\n<p><img fetchpriority=\"high\" decoding=\"async\" class=\"aligncenter size-full wp-image-17779\" src=\"https:\/\/expressaoms.com.br\/wp-content\/uploads\/2023\/03\/grafico-3103.jpg\" alt=\"\" width=\"562\" height=\"395\" srcset=\"https:\/\/expressaoms.com.br\/wp-content\/uploads\/2023\/03\/grafico-3103.jpg 562w, https:\/\/expressaoms.com.br\/wp-content\/uploads\/2023\/03\/grafico-3103-300x211.jpg 300w\" sizes=\"(max-width: 562px) 100vw, 562px\" \/><\/p>\n","protected":false},"excerpt":{"rendered":"<p>Nesta sexta-feira (31) a previs\u00e3o \u00e9 de tempo com sol, temperaturas elevadas, mas com possibilidade de pancadas de chuva isoladas em diferentes regi\u00f5es do Estado. Este cen\u00e1rio deve seguir por todo final de semana. Em Aquidauana, no come\u00e7o do Pantanal, pode chegar a 35\u00b0C. Segundo o Cemtec (Centro do Monitoramento do Tempo e do Clima [&hellip;]<\/p>\n","protected":false},"author":2,"featured_media":17780,"comment_status":"open","ping_status":"open","sticky":false,"template":"","format":"standard","meta":{"om_disable_all_campaigns":false,"_monsterinsights_skip_tracking":false,"_monsterinsights_sitenote_active":false,"_monsterinsights_sitenote_note":"","_monsterinsights_sitenote_category":0,"footnotes":""},"categories":[30,36,266,47],"tags":[],"aioseo_notices":[],"_links":{"self":[{"href":"https:\/\/expressaoms.com.br\/index.php\/wp-json\/wp\/v2\/posts\/17777"}],"collection":[{"href":"https:\/\/expressaoms.com.br\/index.php\/wp-json\/wp\/v2\/posts"}],"about":[{"href":"https:\/\/expressaoms.com.br\/index.php\/wp-json\/wp\/v2\/types\/post"}],"author":[{"embeddable":true,"href":"https:\/\/expressaoms.com.br\/index.php\/wp-json\/wp\/v2\/users\/2"}],"replies":[{"embeddable":true,"href":"https:\/\/expressaoms.com.br\/index.php\/wp-json\/wp\/v2\/comments?post=17777"}],"version-history":[{"count":1,"href":"https:\/\/expressaoms.com.br\/index.php\/wp-json\/wp\/v2\/posts\/17777\/revisions"}],"predecessor-version":[{"id":17781,"href":"https:\/\/expressaoms.com.br\/index.php\/wp-json\/wp\/v2\/posts\/17777\/revisions\/17781"}],"wp:featuredmedia":[{"embeddable":true,"href":"https:\/\/expressaoms.com.br\/index.php\/wp-json\/wp\/v2\/media\/17780"}],"wp:attachment":[{"href":"https:\/\/expressaoms.com.br\/index.php\/wp-json\/wp\/v2\/media?parent=17777"}],"wp:term":[{"taxonomy":"category","embeddable":true,"href":"https:\/\/expressaoms.com.br\/index.php\/wp-json\/wp\/v2\/categories?post=17777"},{"taxonomy":"post_tag","embeddable":true,"href":"https:\/\/expressaoms.com.br\/index.php\/wp-json\/wp\/v2\/tags?post=17777"}],"curies":[{"name":"wp","href":"https:\/\/api.w.org\/{rel}","templated":true}]}}