{"id":17797,"date":"2023-03-31T12:36:50","date_gmt":"2023-03-31T15:36:50","guid":{"rendered":"https:\/\/expressaoms.com.br\/?p=17797"},"modified":"2023-03-31T12:36:50","modified_gmt":"2023-03-31T15:36:50","slug":"obra-de-drenagem-da-avenida-jary-mercante-volta-ao-cronograma-apos-chuva-dar-tregua-veja-como-esta","status":"publish","type":"post","link":"https:\/\/expressaoms.com.br\/index.php\/2023\/03\/31\/obra-de-drenagem-da-avenida-jary-mercante-volta-ao-cronograma-apos-chuva-dar-tregua-veja-como-esta\/","title":{"rendered":"Obra de drenagem da Avenida Jary Mercante volta ao cronograma ap\u00f3s chuva dar tr\u00e9gua, veja como est\u00e1"},"content":{"rendered":"<p data-raofz=\"16\">Ap\u00f3s uma tr\u00e9gua do per\u00edodo com intensa e constante chuva, as obras da Cidade voltam ao cronograma e, uma delas, \u00e9 da drenagem da Avenida Jary Mercante que come\u00e7ou a receber nesta semana as escava\u00e7\u00f5es e coloca\u00e7\u00e3o de tubos que fazem parte do sistema de coleta de \u00e1gua pluvial.<\/p>\n<p data-raofz=\"16\">Partindo de frente do condom\u00ednio Sun Lake (Rua Michel Thom\u00e9), a obra de drenagem dessa etapa vai cruzar a Avenida Baldomero Leituga e ter\u00e1 mais de 6 mil metros de extens\u00e3o que garantir\u00e1 grandes melhorias na quest\u00e3o de drenagem na regi\u00e3o ao redor e permitir\u00e1 a pavimenta\u00e7\u00e3o de diversos bairros, somando mais de 54 mil metros quadrados de malha asf\u00e1ltica.<\/p>\n<p data-raofz=\"16\">Nesta semana, a empresa executora j\u00e1 instalou mais de 200 metros de galeria e se o clima continuar firme e sem chuva pesada, a obra seguir\u00e1 no prazo e deve ser conclu\u00edda, assim como previsto em contrato, at\u00e9 o final do segundo semestre de 2024.<\/p>\n<p data-raofz=\"16\"><strong>AVISO<\/strong><\/p>\n<p data-raofz=\"16\">Como h\u00e1 maquin\u00e1rios, pessoas e escava\u00e7\u00f5es, a Secretaria Municipal de Infraestrutura, Transporte e Tr\u00e2nsito (SEINTRA) pede que quem circular pela regi\u00e3o redobre a aten\u00e7\u00e3o e n\u00e3o entrem em nenhuma hip\u00f3tese no canteiro de obra.<\/p>\n<figure class=\"wp-block-gallery has-nested-images columns-default is-cropped wp-block-gallery-1 is-layout-flex\">\n<figure class=\"wp-block-image size-large\"><a role=\"link\" href=\"https:\/\/www.treslagoas.ms.gov.br\/wp-content\/uploads\/2023\/03\/Drenagem-Avenida-Jary-Mercante-2-scaled.jpeg\" data-raofz=\"16\"><img fetchpriority=\"high\" decoding=\"async\" class=\"wp-image-104863 lazyloaded aligncenter\" src=\"https:\/\/www.treslagoas.ms.gov.br\/wp-content\/uploads\/2023\/03\/Drenagem-Avenida-Jary-Mercante-2-920x517.jpeg\" sizes=\"(max-width: 920px) 100vw, 920px\" srcset=\"https:\/\/www.treslagoas.ms.gov.br\/wp-content\/uploads\/2023\/03\/Drenagem-Avenida-Jary-Mercante-2-scaled.jpeg 920w, https:\/\/www.treslagoas.ms.gov.br\/wp-content\/uploads\/2023\/03\/Drenagem-Avenida-Jary-Mercante-2-300x169.jpeg 300w, https:\/\/www.treslagoas.ms.gov.br\/wp-content\/uploads\/2023\/03\/Drenagem-Avenida-Jary-Mercante-2-768x432.jpeg 768w, https:\/\/www.treslagoas.ms.gov.br\/wp-content\/uploads\/2023\/03\/Drenagem-Avenida-Jary-Mercante-2-1536x863.jpeg 1536w, https:\/\/www.treslagoas.ms.gov.br\/wp-content\/uploads\/2023\/03\/Drenagem-Avenida-Jary-Mercante-2-280x157.jpeg 280w, https:\/\/www.treslagoas.ms.gov.br\/wp-content\/uploads\/2023\/03\/Drenagem-Avenida-Jary-Mercante-2-1300x730.jpeg 1300w, https:\/\/www.treslagoas.ms.gov.br\/wp-content\/uploads\/2023\/03\/Drenagem-Avenida-Jary-Mercante-2-600x337.jpeg 600w\" alt=\"\" width=\"484\" height=\"272\" data-id=\"104863\" data-srcset=\"https:\/\/www.treslagoas.ms.gov.br\/wp-content\/uploads\/2023\/03\/Drenagem-Avenida-Jary-Mercante-2-scaled.jpeg 920w, https:\/\/www.treslagoas.ms.gov.br\/wp-content\/uploads\/2023\/03\/Drenagem-Avenida-Jary-Mercante-2-300x169.jpeg 300w, https:\/\/www.treslagoas.ms.gov.br\/wp-content\/uploads\/2023\/03\/Drenagem-Avenida-Jary-Mercante-2-768x432.jpeg 768w, https:\/\/www.treslagoas.ms.gov.br\/wp-content\/uploads\/2023\/03\/Drenagem-Avenida-Jary-Mercante-2-1536x863.jpeg 1536w, https:\/\/www.treslagoas.ms.gov.br\/wp-content\/uploads\/2023\/03\/Drenagem-Avenida-Jary-Mercante-2-280x157.jpeg 280w, https:\/\/www.treslagoas.ms.gov.br\/wp-content\/uploads\/2023\/03\/Drenagem-Avenida-Jary-Mercante-2-1300x730.jpeg 1300w, https:\/\/www.treslagoas.ms.gov.br\/wp-content\/uploads\/2023\/03\/Drenagem-Avenida-Jary-Mercante-2-600x337.jpeg 600w\" data-src=\"https:\/\/www.treslagoas.ms.gov.br\/wp-content\/uploads\/2023\/03\/Drenagem-Avenida-Jary-Mercante-2-920x517.jpeg\" data-sizes=\"(max-width: 920px) 100vw, 920px\" \/><\/a><\/p>\n<figure class=\"wp-block-image size-large\"><a role=\"link\" href=\"https:\/\/www.treslagoas.ms.gov.br\/wp-content\/uploads\/2023\/03\/Drenagem-Avenida-Jary-Mercante-3-scaled.jpeg\" data-raofz=\"16\"><img decoding=\"async\" class=\"wp-image-104864 lazyloaded aligncenter\" src=\"https:\/\/www.treslagoas.ms.gov.br\/wp-content\/uploads\/2023\/03\/Drenagem-Avenida-Jary-Mercante-3-920x517.jpeg\" sizes=\"(max-width: 920px) 100vw, 920px\" srcset=\"https:\/\/www.treslagoas.ms.gov.br\/wp-content\/uploads\/2023\/03\/Drenagem-Avenida-Jary-Mercante-3-scaled.jpeg 920w, https:\/\/www.treslagoas.ms.gov.br\/wp-content\/uploads\/2023\/03\/Drenagem-Avenida-Jary-Mercante-3-300x169.jpeg 300w, https:\/\/www.treslagoas.ms.gov.br\/wp-content\/uploads\/2023\/03\/Drenagem-Avenida-Jary-Mercante-3-768x432.jpeg 768w, https:\/\/www.treslagoas.ms.gov.br\/wp-content\/uploads\/2023\/03\/Drenagem-Avenida-Jary-Mercante-3-1536x863.jpeg 1536w, https:\/\/www.treslagoas.ms.gov.br\/wp-content\/uploads\/2023\/03\/Drenagem-Avenida-Jary-Mercante-3-280x157.jpeg 280w, https:\/\/www.treslagoas.ms.gov.br\/wp-content\/uploads\/2023\/03\/Drenagem-Avenida-Jary-Mercante-3-1300x730.jpeg 1300w, https:\/\/www.treslagoas.ms.gov.br\/wp-content\/uploads\/2023\/03\/Drenagem-Avenida-Jary-Mercante-3-600x337.jpeg 600w\" alt=\"\" width=\"483\" height=\"272\" data-id=\"104864\" data-srcset=\"https:\/\/www.treslagoas.ms.gov.br\/wp-content\/uploads\/2023\/03\/Drenagem-Avenida-Jary-Mercante-3-scaled.jpeg 920w, https:\/\/www.treslagoas.ms.gov.br\/wp-content\/uploads\/2023\/03\/Drenagem-Avenida-Jary-Mercante-3-300x169.jpeg 300w, https:\/\/www.treslagoas.ms.gov.br\/wp-content\/uploads\/2023\/03\/Drenagem-Avenida-Jary-Mercante-3-768x432.jpeg 768w, https:\/\/www.treslagoas.ms.gov.br\/wp-content\/uploads\/2023\/03\/Drenagem-Avenida-Jary-Mercante-3-1536x863.jpeg 1536w, https:\/\/www.treslagoas.ms.gov.br\/wp-content\/uploads\/2023\/03\/Drenagem-Avenida-Jary-Mercante-3-280x157.jpeg 280w, https:\/\/www.treslagoas.ms.gov.br\/wp-content\/uploads\/2023\/03\/Drenagem-Avenida-Jary-Mercante-3-1300x730.jpeg 1300w, https:\/\/www.treslagoas.ms.gov.br\/wp-content\/uploads\/2023\/03\/Drenagem-Avenida-Jary-Mercante-3-600x337.jpeg 600w\" data-src=\"https:\/\/www.treslagoas.ms.gov.br\/wp-content\/uploads\/2023\/03\/Drenagem-Avenida-Jary-Mercante-3-920x517.jpeg\" data-sizes=\"(max-width: 920px) 100vw, 920px\" \/><\/a><\/figure>\n<\/figure>\n<\/figure>\n","protected":false},"excerpt":{"rendered":"<p>Ap\u00f3s uma tr\u00e9gua do per\u00edodo com intensa e constante chuva, as obras da Cidade voltam ao cronograma e, uma delas, \u00e9 da drenagem da Avenida Jary Mercante que come\u00e7ou a receber nesta semana as escava\u00e7\u00f5es e coloca\u00e7\u00e3o de tubos que fazem parte do sistema de coleta de \u00e1gua pluvial. Partindo de frente do condom\u00ednio Sun [&hellip;]<\/p>\n","protected":false},"author":2,"featured_media":17798,"comment_status":"open","ping_status":"open","sticky":false,"template":"","format":"standard","meta":{"om_disable_all_campaigns":false,"_monsterinsights_skip_tracking":false,"_monsterinsights_sitenote_active":false,"_monsterinsights_sitenote_note":"","_monsterinsights_sitenote_category":0,"footnotes":""},"categories":[36,192,48],"tags":[],"aioseo_notices":[],"_links":{"self":[{"href":"https:\/\/expressaoms.com.br\/index.php\/wp-json\/wp\/v2\/posts\/17797"}],"collection":[{"href":"https:\/\/expressaoms.com.br\/index.php\/wp-json\/wp\/v2\/posts"}],"about":[{"href":"https:\/\/expressaoms.com.br\/index.php\/wp-json\/wp\/v2\/types\/post"}],"author":[{"embeddable":true,"href":"https:\/\/expressaoms.com.br\/index.php\/wp-json\/wp\/v2\/users\/2"}],"replies":[{"embeddable":true,"href":"https:\/\/expressaoms.com.br\/index.php\/wp-json\/wp\/v2\/comments?post=17797"}],"version-history":[{"count":1,"href":"https:\/\/expressaoms.com.br\/index.php\/wp-json\/wp\/v2\/posts\/17797\/revisions"}],"predecessor-version":[{"id":17799,"href":"https:\/\/expressaoms.com.br\/index.php\/wp-json\/wp\/v2\/posts\/17797\/revisions\/17799"}],"wp:featuredmedia":[{"embeddable":true,"href":"https:\/\/expressaoms.com.br\/index.php\/wp-json\/wp\/v2\/media\/17798"}],"wp:attachment":[{"href":"https:\/\/expressaoms.com.br\/index.php\/wp-json\/wp\/v2\/media?parent=17797"}],"wp:term":[{"taxonomy":"category","embeddable":true,"href":"https:\/\/expressaoms.com.br\/index.php\/wp-json\/wp\/v2\/categories?post=17797"},{"taxonomy":"post_tag","embeddable":true,"href":"https:\/\/expressaoms.com.br\/index.php\/wp-json\/wp\/v2\/tags?post=17797"}],"curies":[{"name":"wp","href":"https:\/\/api.w.org\/{rel}","templated":true}]}}