{"id":17800,"date":"2023-03-31T15:03:54","date_gmt":"2023-03-31T18:03:54","guid":{"rendered":"https:\/\/expressaoms.com.br\/?p=17800"},"modified":"2023-03-31T15:03:54","modified_gmt":"2023-03-31T18:03:54","slug":"comite-da-dengue-reforca-acoes-em-tres-lagoas-e-convoca-participacao-da-sociedade-no-combate-ao-aedes-aegypti","status":"publish","type":"post","link":"https:\/\/expressaoms.com.br\/index.php\/2023\/03\/31\/comite-da-dengue-reforca-acoes-em-tres-lagoas-e-convoca-participacao-da-sociedade-no-combate-ao-aedes-aegypti\/","title":{"rendered":"Comit\u00ea da Dengue refor\u00e7a a\u00e7\u00f5es em Tr\u00eas Lagoas e, convoca participa\u00e7\u00e3o da sociedade no combate ao Aedes aegypti"},"content":{"rendered":"<p data-raofz=\"16\">A Prefeitura de Tr\u00eas Lagoas, por meio da Secretaria Municipal de Sa\u00fade (SMS), promoveu nesta quinta-feira (30), no audit\u00f3rio do Sindicato dos Servidores P\u00fablicos Municipais (SSPM), a terceira reuni\u00e3o do Comit\u00ea de Mobiliza\u00e7\u00e3o e Combate ao Aedes aegypti de 2023, que discutiu a\u00e7\u00f5es de mobiliza\u00e7\u00e3o e vigil\u00e2ncia permanente com o objetivo de reduzir os casos da doen\u00e7a em Tr\u00eas Lagoas.<\/p>\n<p data-raofz=\"16\">O encontro trouxe o panorama da situa\u00e7\u00e3o epidemiol\u00f3gica da dengue no Brasil, Estado e em Tr\u00eas Lagoas e a atualiza\u00e7\u00e3o das a\u00e7\u00f5es desenvolvidas pela SMS, por meio dos setores de Promo\u00e7\u00e3o da Sa\u00fade, Vigil\u00e2ncia Epidemiol\u00f3gica (VIGEP), Vigil\u00e2ncia Ambiental, Entomologia e Endemias.<\/p>\n<p data-raofz=\"16\">Atualmente, o Munic\u00edpio registra alta incid\u00eancia de casos de dengue, \u00e9 a cidade com maior n\u00famero de \u00f3bitos no Estado, com 03 casos, e a segunda cidade com mais casos confirmados, contabilizando 1.147 positivos. Diante do quadro, a SMS ressaltou a relev\u00e2ncia de conscientizar a popula\u00e7\u00e3o sobre a import\u00e2ncia da preven\u00e7\u00e3o.<\/p>\n<p data-raofz=\"16\">Durante sua fala, o coordenador do setor de Endemias, Alcides Ferreira explicou sobre o desabastecimento de inseticida no controle do Aedes aegypti na cidade, produto que \u00e9 fornecido somente pelo Minist\u00e9rio da Sa\u00fade, sendo proibida a aquisi\u00e7\u00e3o do Estado e Munic\u00edpios devido aos controles t\u00e9cnicos necess\u00e1rios.<\/p>\n<p data-raofz=\"16\">Outro alerta feito pelo coordenador \u00e9 referente ao surto de casos de Chikungunya no Paraguai, que faz fronteira com o Estado, j\u00e1 foram confirmados 266 casos em MS, sendo 142 deles em Ponta Por\u00e3, divisa com o pa\u00eds. Tr\u00eas Lagoas n\u00e3o registrou nenhum caso positivo da doen\u00e7a at\u00e9 o momento.<\/p>\n<p data-raofz=\"16\">A presidente do Comit\u00ea e coordenadora do setor de Entomologia, Georgia Medeiros destacou o aumento da participa\u00e7\u00e3o da sociedade na reuni\u00e3o do dia 30, o que \u00e9 fundamental para atingir a meta de combater o mosquito.<\/p>\n<p data-raofz=\"16\">\u201cNas outras edi\u00e7\u00f5es a maioria dos participantes eram servidores municipais, entretanto, quanto mais pessoas, empresas, entidades e \u00f3rg\u00e3os puderam participar para realizar trabalhos de preven\u00e7\u00e3o seja nas institui\u00e7\u00f5es, empresas e casas, teremos uma preven\u00e7\u00e3o mais efetiva e s\u00f3 assim em conjunto, vamos conseguir diminuir os casos de dengue em Tr\u00eas Lagoas\u201d, enfatizou Georgia.<\/p>\n<p data-raofz=\"16\"><strong>PARTICIPA\u00c7\u00c3O DA SOCIEDADE<\/strong><\/p>\n<p data-raofz=\"16\">A Escola Estadual Jo\u00e3o Ponce de Arruda e o Servi\u00e7o de Conviv\u00eancia e Fortalecimento de V\u00ednculos (SCFV) \u2013 Bombeiros do Amanh\u00e3, apresentaram os trabalhos de preven\u00e7\u00e3o realizados pelos alunos desses locais.<\/p>\n<p data-raofz=\"16\">Participaram do debate, representando a Prefeitura al\u00e9m dos setores da SMS, a Secretaria Municipal de Assist\u00eancia Social (SMAS), Secretaria Municipal de Meio Ambiente e Agroneg\u00f3cio (SEMEA), Defesa Civil, Aeroporto Municipal. E representando outras institui\u00e7\u00f5es e entidades C\u00e2mara Municipal, Secretaria de Estado de Educa\u00e7\u00e3o (SED\/MS), N\u00facleo Regional de Sa\u00fade, Rotary Cidades das \u00c1guas, Lions Clube Tr\u00eas Lagoas, 2\u00ba Batalh\u00e3o de Pol\u00edcia Militar (2\u00baBPM), 3\u00aa Bia AAAe do Ex\u00e9rcito, 5\u00ba Grupamento de Bombeiros Militar (5\u00ba GBM), Servi\u00e7o Social do Transporte e Servi\u00e7o Nacional de Aprendizagem do Transporte (SEST\/SENAT), Servi\u00e7o Nacional de Aprendizagem Comercial (SENAC), Sindicato do Com\u00e9rcio Varejista de Tr\u00eas Lagoas (SINDIVAREJO), Suzano, Grupo Alvorada, Associa\u00e7\u00e3o de Pais e Amigos dos Excepcionais, Ordem dos Advogados do Brasil (OAB), Uni\u00e3o Tr\u00eas-lagoense de Associa\u00e7\u00e3o de Moradores (UTAM), Grupo Assistencial Esp\u00edrita \u2013 A Candeia e Sindicato dos Servidores P\u00fablicos Municipais (SSPM).<\/p>\n","protected":false},"excerpt":{"rendered":"<p>A Prefeitura de Tr\u00eas Lagoas, por meio da Secretaria Municipal de Sa\u00fade (SMS), promoveu nesta quinta-feira (30), no audit\u00f3rio do Sindicato dos Servidores P\u00fablicos Municipais (SSPM), a terceira reuni\u00e3o do Comit\u00ea de Mobiliza\u00e7\u00e3o e Combate ao Aedes aegypti de 2023, que discutiu a\u00e7\u00f5es de mobiliza\u00e7\u00e3o e vigil\u00e2ncia permanente com o objetivo de reduzir os casos [&hellip;]<\/p>\n","protected":false},"author":2,"featured_media":17801,"comment_status":"open","ping_status":"open","sticky":false,"template":"","format":"standard","meta":{"om_disable_all_campaigns":false,"_monsterinsights_skip_tracking":false,"_monsterinsights_sitenote_active":false,"_monsterinsights_sitenote_note":"","_monsterinsights_sitenote_category":0,"footnotes":""},"categories":[36,44,48],"tags":[],"aioseo_notices":[],"_links":{"self":[{"href":"https:\/\/expressaoms.com.br\/index.php\/wp-json\/wp\/v2\/posts\/17800"}],"collection":[{"href":"https:\/\/expressaoms.com.br\/index.php\/wp-json\/wp\/v2\/posts"}],"about":[{"href":"https:\/\/expressaoms.com.br\/index.php\/wp-json\/wp\/v2\/types\/post"}],"author":[{"embeddable":true,"href":"https:\/\/expressaoms.com.br\/index.php\/wp-json\/wp\/v2\/users\/2"}],"replies":[{"embeddable":true,"href":"https:\/\/expressaoms.com.br\/index.php\/wp-json\/wp\/v2\/comments?post=17800"}],"version-history":[{"count":1,"href":"https:\/\/expressaoms.com.br\/index.php\/wp-json\/wp\/v2\/posts\/17800\/revisions"}],"predecessor-version":[{"id":17802,"href":"https:\/\/expressaoms.com.br\/index.php\/wp-json\/wp\/v2\/posts\/17800\/revisions\/17802"}],"wp:featuredmedia":[{"embeddable":true,"href":"https:\/\/expressaoms.com.br\/index.php\/wp-json\/wp\/v2\/media\/17801"}],"wp:attachment":[{"href":"https:\/\/expressaoms.com.br\/index.php\/wp-json\/wp\/v2\/media?parent=17800"}],"wp:term":[{"taxonomy":"category","embeddable":true,"href":"https:\/\/expressaoms.com.br\/index.php\/wp-json\/wp\/v2\/categories?post=17800"},{"taxonomy":"post_tag","embeddable":true,"href":"https:\/\/expressaoms.com.br\/index.php\/wp-json\/wp\/v2\/tags?post=17800"}],"curies":[{"name":"wp","href":"https:\/\/api.w.org\/{rel}","templated":true}]}}