{"id":17982,"date":"2023-04-06T09:34:39","date_gmt":"2023-04-06T12:34:39","guid":{"rendered":"https:\/\/expressaoms.com.br\/?p=17982"},"modified":"2023-04-06T11:20:30","modified_gmt":"2023-04-06T14:20:30","slug":"veja-o-que-abre-e-o-que-fecha-durante-o-ponto-facultativo-e-feriado-da-semana-santa","status":"publish","type":"post","link":"https:\/\/expressaoms.com.br\/index.php\/2023\/04\/06\/veja-o-que-abre-e-o-que-fecha-durante-o-ponto-facultativo-e-feriado-da-semana-santa\/","title":{"rendered":"Veja o que abre e o que fecha durante o ponto facultativo e feriado da Semana Santa"},"content":{"rendered":"<p data-raofz=\"16\">Na pr\u00f3xima quinta-feira (06) e sexta-feira (07) diversos setores p\u00fablicos e privados estar\u00e3o fechados por conta do Ponto Facultativo e Feriado da Semana Santa, que voltam ao expediente normal na segunda-feira (10) \u00e0s 7h.<\/p>\n<p data-raofz=\"16\">Desta forma, a Prefeitura de Tr\u00eas Lagoas informa quais s\u00e3o os setores que estar\u00e3o fechados e quais funcionar\u00e3o neste per\u00edodo carnavalesco.<\/p>\n<p data-raofz=\"16\"><strong>O QUE ABRE E O QUE FECHA?<\/strong><\/p>\n<p data-raofz=\"16\">N\u00e3o haver\u00e1 expediente nas secretarias municipais na quinta-feira (06) e sexta-feira (07) durante todo o dia, bem como nos departamentos de atendimento ao p\u00fablico, CRAS, CREAS, Procon, Tributa\u00e7\u00e3o e Tr\u00e2nsito.<\/p>\n<p data-raofz=\"16\"><strong>SA\u00daDE<\/strong><\/p>\n<p data-raofz=\"16\">Para apoiar a demanda de atendimento, a Secretaria Municipal de Sa\u00fade (SMS) viabilizar\u00e1 atendimento extraordin\u00e1rio na Unidade de Sa\u00fade Interlagos que abrir\u00e1 das 7h \u00e0s 19h na quinta-feira (06) e sexta-feira (07).<\/p>\n<p data-raofz=\"16\">A unidade oferecer\u00e1 atendimento m\u00e9dico cl\u00ednico e de enfermagem voltados para pacientes suspeitos e confirmados de dengue, al\u00e9m de atendimento \u00e0s demais urg\u00eancias cl\u00ednicas. Al\u00e9m disso- na quinta-feira (06) e na sexta-feira (07) \u2013 tamb\u00e9m haver\u00e1 atendimento com m\u00e9dico pediatra das 07h30 \u00e0s 11h30 e das 13h \u00e0s 17h.<\/p>\n<p data-raofz=\"16\">O objetivo da abertura deste servi\u00e7o durante o feriado \u00e9 ampliar o acesso aos pacientes que necessitem de atendimento, em especial diante do momento epidemiol\u00f3gico cr\u00edtico da dengue. Os pacientes que se enquadrem em casos suspeitos ou confirmados de dengue ser\u00e3o classificados conforme estado de avan\u00e7o da doen\u00e7a e poder\u00e3o ser atendidos por enfermeiros e m\u00e9dicos na unidade de maneira r\u00e1pida.<\/p>\n<p data-raofz=\"16\">Al\u00e9m da unidade de sa\u00fade Interlagos, a UPA manter\u00e1 os atendimentos de urg\u00eancia e emerg\u00eancia, assim como o SAMU. Outra op\u00e7\u00e3o \u00e9 o Pronto Atendimento PEDI\u00c1TRICO 24h (apenas para crian\u00e7as) do Hospital Reginal.<\/p>\n<p data-raofz=\"16\">No entanto, as demais unidades de sa\u00fade, cl\u00ednicas e administrativo estar\u00e3o fechadas no ponto facultativo e no feriado.<\/p>\n<p data-raofz=\"17\"><strong>USF Interlagos \u2013 \u201cGabriel Marques Fernandes\u201d<\/strong><\/p>\n<p data-raofz=\"17\">Telefone (s): 67 3929-1810 | 67 99244-7924 (WhatsApp)<\/p>\n<p data-raofz=\"17\">Coordenador (a): Fabr\u00edcia<\/p>\n<p data-raofz=\"17\">Endere\u00e7o: Rua Eur\u00eddice Chagas Cruz, 521 -Interlagos<\/p>\n<p data-raofz=\"16\"><strong>ASSIST\u00caNCIA SOCIAL<\/strong><\/p>\n<p data-raofz=\"16\">Pela Secretaria de Assist\u00eancia Social (SMAS), permanecer\u00e1 o atendimento no Acolhimento Institucionais. Em caso de emerg\u00eancia ou necessidade de atendimento, a popula\u00e7\u00e3o pode entrar em contato pelo telefone (67) 67 9274-4942 e falar com os servidores plantonistas da pasta.<\/p>\n<p data-raofz=\"16\"><strong>MEIO AMBIENTE<\/strong><\/p>\n<p data-raofz=\"16\">O servi\u00e7o de coleta de animais mortos funciona normalmente at\u00e9 quinta-feira (06), para na sexta-feira (07) e retorna ao expediente na segunda-feira (10).<\/p>\n<p data-raofz=\"16\">O Burac\u00e3o do Jupi\u00e1 e o Ecoponto de Pneus v\u00e3o parar apenas na sexta-feira (07), operando normalmente no s\u00e1bado (08), fechando no domingo (09) e retornando ao expediente normal na segunda-feira (10).<\/p>\n<p data-raofz=\"16\">A Coleta de Lixo, por sua vez, n\u00e3o vai funcionar apenas na sexta-feira (07), por\u00e9m no s\u00e1bado (08) a empresa destina um caminh\u00e3o a mais para coletar as regi\u00f5es n\u00e3o atendidas no dia anterior, ap\u00f3s isso, o funcionamento da coleta segue normalmente de acordo com o cronograma padr\u00e3o.<\/p>\n<p data-raofz=\"16\"><strong>INFRAESTRUTURA E TR\u00c2NSITO <\/strong><\/p>\n<p data-raofz=\"16\">Equipes do Departamento de Servi\u00e7os P\u00fablicos (DSP) e da Diretoria Municipal de Tr\u00e2nsito estar\u00e3o em escala de plant\u00e3o nos servi\u00e7os de obras e reparos. Com isso, caso a popula\u00e7\u00e3o precise de apoio do DSP basta entrar em contato pelo (67) 99296-2218 ou 99217-9946. Se o assunto for tr\u00e2nsito, o contato \u00e9 o (67) 99125-3865 ou (67) 99300-1941.<\/p>\n<p data-raofz=\"16\"><strong>ESPORTE<\/strong><\/p>\n<p data-raofz=\"16\">As quadras dos Gin\u00e1sios Esportivos \u201cCacilda Acre Rocha\u201d e Poliesportivo \u201cEduardo Milanez\u201d estar\u00e3o \u00e0 disposi\u00e7\u00e3o da popula\u00e7\u00e3o que fez agendamento antecipado.<\/p>\n<p data-raofz=\"16\"><strong>BALNE\u00c1RIO<\/strong><\/p>\n<p data-raofz=\"16\">Abrir\u00e1 normalmente a partir das 8h na quinta-feira (06) e na sexta-feira (07), bem como no final de semana, com entrada gratuita para qualquer idade. Para agendamento de quiosques (precisa pagar taxa) e mais informa\u00e7\u00f5es, o contato \u00e9 o (67) 99153-1229.<\/p>\n<p data-raofz=\"16\"><strong>FEIRA CENTRAL TUR\u00cdSTICA<\/strong><\/p>\n<p data-raofz=\"16\">A Feira Central Tur\u00edstica funcionar\u00e1 na quinta-feira (06) devido a 8\u00aa Feira do Peixe que abre \u00e0s 5h e segue at\u00e9 <strong>\u00e0s 19h (e n\u00e3o mais s\u00f3 at\u00e9 \u00e0s 13h).<\/strong> Na sexta-feira (07), assim como j\u00e1 ocorre, a pra\u00e7a de alimenta\u00e7\u00e3o abre \u00e0s 17h e fecha \u00e0s 22h. Depois disso, o funcionamento do local segue o cronograma normal, ou seja, s\u00e1bado das 5h \u00e0s 12h; segunda-feira das 17h \u00e0s 22 e na quarta-feira das 17h \u00e0s 22h.<\/p>\n<p data-raofz=\"16\"><strong>CASA DO ARTES\u00c3O<\/strong><\/p>\n<p data-raofz=\"16\">A administra\u00e7\u00e3o da Casa do Artes\u00e3o \u2013 que \u00e9 da ACLAMS (Associa\u00e7\u00e3o Costa Leste de Artes\u00e3os do Mato Grosso do Sul) \u2013 informou que o hor\u00e1rio de atendimento ficar\u00e1: quinta-feira (06) 7h30 \u00e0s 17h; na sexta-feira (20) estar\u00e1 fechada e no s\u00e1bado (08) funcionar\u00e1 das 8h \u00e0s 12h.<\/p>\n<p data-raofz=\"16\">A Casa do Artes\u00e3o fica localizada na Circular da Lagoa Maior, ao lado do Shopping Popular.<\/p>\n<p data-raofz=\"16\"><strong>O COM\u00c9RCIO<\/strong><\/p>\n<p data-raofz=\"16\">O Sindivarejo (Sindicato do Com\u00e9rcio Varejista de Tr\u00eas Lagoas) e o SECTL (Sindicato dos Empregados no Com\u00e9rcio de Tr\u00eas Lagoas) divulgaram uma nota oficial com o hor\u00e1rio de atendimento durante as festividades da P\u00e1scoa.<\/p>\n<p data-raofz=\"16\">De acordo com a nota, o com\u00e9rcio funcionar\u00e1 normalmente do dia 03 (segunda-feira) ao dia 06 (quinta-feira), estar\u00e1 fechado na sexta-feira (07) e abre novamente no dia 08 (s\u00e1bado). As empresas que tenham funcion\u00e1rios e desejarem trabalhar nos feriados dever\u00e3o protocolar requerimento.<\/p>\n","protected":false},"excerpt":{"rendered":"<p>Na pr\u00f3xima quinta-feira (06) e sexta-feira (07) diversos setores p\u00fablicos e privados estar\u00e3o fechados por conta do Ponto Facultativo e Feriado da Semana Santa, que voltam ao expediente normal na segunda-feira (10) \u00e0s 7h. Desta forma, a Prefeitura de Tr\u00eas Lagoas informa quais s\u00e3o os setores que estar\u00e3o fechados e quais funcionar\u00e3o neste per\u00edodo carnavalesco. [&hellip;]<\/p>\n","protected":false},"author":2,"featured_media":17983,"comment_status":"open","ping_status":"open","sticky":false,"template":"","format":"standard","meta":{"om_disable_all_campaigns":false,"_monsterinsights_skip_tracking":false,"_monsterinsights_sitenote_active":false,"_monsterinsights_sitenote_note":"","_monsterinsights_sitenote_category":0,"footnotes":""},"categories":[36,48],"tags":[],"aioseo_notices":[],"_links":{"self":[{"href":"https:\/\/expressaoms.com.br\/index.php\/wp-json\/wp\/v2\/posts\/17982"}],"collection":[{"href":"https:\/\/expressaoms.com.br\/index.php\/wp-json\/wp\/v2\/posts"}],"about":[{"href":"https:\/\/expressaoms.com.br\/index.php\/wp-json\/wp\/v2\/types\/post"}],"author":[{"embeddable":true,"href":"https:\/\/expressaoms.com.br\/index.php\/wp-json\/wp\/v2\/users\/2"}],"replies":[{"embeddable":true,"href":"https:\/\/expressaoms.com.br\/index.php\/wp-json\/wp\/v2\/comments?post=17982"}],"version-history":[{"count":2,"href":"https:\/\/expressaoms.com.br\/index.php\/wp-json\/wp\/v2\/posts\/17982\/revisions"}],"predecessor-version":[{"id":17986,"href":"https:\/\/expressaoms.com.br\/index.php\/wp-json\/wp\/v2\/posts\/17982\/revisions\/17986"}],"wp:featuredmedia":[{"embeddable":true,"href":"https:\/\/expressaoms.com.br\/index.php\/wp-json\/wp\/v2\/media\/17983"}],"wp:attachment":[{"href":"https:\/\/expressaoms.com.br\/index.php\/wp-json\/wp\/v2\/media?parent=17982"}],"wp:term":[{"taxonomy":"category","embeddable":true,"href":"https:\/\/expressaoms.com.br\/index.php\/wp-json\/wp\/v2\/categories?post=17982"},{"taxonomy":"post_tag","embeddable":true,"href":"https:\/\/expressaoms.com.br\/index.php\/wp-json\/wp\/v2\/tags?post=17982"}],"curies":[{"name":"wp","href":"https:\/\/api.w.org\/{rel}","templated":true}]}}