{"id":18192,"date":"2023-04-14T12:35:46","date_gmt":"2023-04-14T15:35:46","guid":{"rendered":"https:\/\/expressaoms.com.br\/?p=18192"},"modified":"2023-04-14T12:35:46","modified_gmt":"2023-04-14T15:35:46","slug":"semea-inicia-campanha-sobre-queimadas-desmatamento-e-coleta-de-lixo-para-alunos-no-distrito-de-arapua","status":"publish","type":"post","link":"https:\/\/expressaoms.com.br\/index.php\/2023\/04\/14\/semea-inicia-campanha-sobre-queimadas-desmatamento-e-coleta-de-lixo-para-alunos-no-distrito-de-arapua\/","title":{"rendered":"SEMEA inicia campanha sobre queimadas, desmatamento e coleta de lixo para alunos no Distrito de Arapu\u00e1"},"content":{"rendered":"<p data-raofz=\"16\">A equipe de Educa\u00e7\u00e3o Ambiental da Secretaria Municipal de Meio Ambiente e Agroneg\u00f3cio (SEMEA) esteve ontem, quinta-feira (13), na Escola Estadual \u201cAfonso Francisco Xavier Tranin\u201d no Distrito de Arapu\u00e1, dando in\u00edcio \u00e0 Campanha sobre preven\u00e7\u00e3o de queimadas com uma palestra sobre o tema e destina\u00e7\u00e3o correta de res\u00edduos org\u00e2nicos.<\/p>\n<p data-raofz=\"16\">Aproximadamente 180 alunos participaram da palestra ministrada pela coordenadora de Educa\u00e7\u00e3o Ambiental da SEMEA, Eliana Queiroz, que alertou para os danos causados ao meio ambiente por queimadas ilegais e desmatamento.<\/p>\n<div class=\"wp-block-image\" data-raofz=\"16\">\n<figure class=\"alignright size-large is-resized\"><img fetchpriority=\"high\" decoding=\"async\" class=\"wp-image-105329 lazyloaded\" src=\"http:\/\/www.treslagoas.ms.gov.br\/wp-content\/uploads\/2023\/04\/palestra-queimadas-arapua-2-920x424.jpeg\" sizes=\"(max-width: 460px) 100vw, 460px\" srcset=\"https:\/\/www.treslagoas.ms.gov.br\/wp-content\/uploads\/2023\/04\/palestra-queimadas-arapua-2-scaled.jpeg 920w, https:\/\/www.treslagoas.ms.gov.br\/wp-content\/uploads\/2023\/04\/palestra-queimadas-arapua-2-300x138.jpeg 300w, https:\/\/www.treslagoas.ms.gov.br\/wp-content\/uploads\/2023\/04\/palestra-queimadas-arapua-2-768x354.jpeg 768w, https:\/\/www.treslagoas.ms.gov.br\/wp-content\/uploads\/2023\/04\/palestra-queimadas-arapua-2-1536x708.jpeg 1536w, https:\/\/www.treslagoas.ms.gov.br\/wp-content\/uploads\/2023\/04\/palestra-queimadas-arapua-2-280x129.jpeg 280w, https:\/\/www.treslagoas.ms.gov.br\/wp-content\/uploads\/2023\/04\/palestra-queimadas-arapua-2-1300x599.jpeg 1300w, https:\/\/www.treslagoas.ms.gov.br\/wp-content\/uploads\/2023\/04\/palestra-queimadas-arapua-2-600x276.jpeg 600w\" alt=\"\" width=\"460\" height=\"212\" data-srcset=\"https:\/\/www.treslagoas.ms.gov.br\/wp-content\/uploads\/2023\/04\/palestra-queimadas-arapua-2-scaled.jpeg 920w, https:\/\/www.treslagoas.ms.gov.br\/wp-content\/uploads\/2023\/04\/palestra-queimadas-arapua-2-300x138.jpeg 300w, https:\/\/www.treslagoas.ms.gov.br\/wp-content\/uploads\/2023\/04\/palestra-queimadas-arapua-2-768x354.jpeg 768w, https:\/\/www.treslagoas.ms.gov.br\/wp-content\/uploads\/2023\/04\/palestra-queimadas-arapua-2-1536x708.jpeg 1536w, https:\/\/www.treslagoas.ms.gov.br\/wp-content\/uploads\/2023\/04\/palestra-queimadas-arapua-2-280x129.jpeg 280w, https:\/\/www.treslagoas.ms.gov.br\/wp-content\/uploads\/2023\/04\/palestra-queimadas-arapua-2-1300x599.jpeg 1300w, https:\/\/www.treslagoas.ms.gov.br\/wp-content\/uploads\/2023\/04\/palestra-queimadas-arapua-2-600x276.jpeg 600w\" data-src=\"http:\/\/www.treslagoas.ms.gov.br\/wp-content\/uploads\/2023\/04\/palestra-queimadas-arapua-2-920x424.jpeg\" data-sizes=\"(max-width: 460px) 100vw, 460px\" \/><\/p>\n<p data-raofz=\"16\">\n\u201cTivemos uma campanha bem positiva, atingindo alunos moradores do espa\u00e7o urbano e da zona rural, em que h\u00e1 uma diferen\u00e7a real de conduta em rela\u00e7\u00e3o ao lixo. Como os moradores das fazendas n\u00e3o t\u00eam o servi\u00e7o de coleta de lixo, na maioria das vezes eles ateiam fogo em folhagens e galhadas secas. Apresentamos a op\u00e7\u00e3o da compostagem como alternativa de reaproveitar esse org\u00e2nico no plantio de mudas e produ\u00e7\u00e3o de hortifr\u00fatis, evitando a degrada\u00e7\u00e3o ambiental\u201d, explicou.<\/p>\n<p data-raofz=\"16\">A palestra abordou tamb\u00e9m os perigos de inc\u00eandio em florestas e reservas, o desmatamento e a import\u00e2ncia da destina\u00e7\u00e3o correta de res\u00edduos para a coleta de lixo.<\/p>\n<\/figure>\n<\/div>\n","protected":false},"excerpt":{"rendered":"<p>A equipe de Educa\u00e7\u00e3o Ambiental da Secretaria Municipal de Meio Ambiente e Agroneg\u00f3cio (SEMEA) esteve ontem, quinta-feira (13), na Escola Estadual \u201cAfonso Francisco Xavier Tranin\u201d no Distrito de Arapu\u00e1, dando in\u00edcio \u00e0 Campanha sobre preven\u00e7\u00e3o de queimadas com uma palestra sobre o tema e destina\u00e7\u00e3o correta de res\u00edduos org\u00e2nicos. Aproximadamente 180 alunos participaram da palestra [&hellip;]<\/p>\n","protected":false},"author":2,"featured_media":18193,"comment_status":"open","ping_status":"open","sticky":false,"template":"","format":"standard","meta":{"om_disable_all_campaigns":false,"_monsterinsights_skip_tracking":false,"_monsterinsights_sitenote_active":false,"_monsterinsights_sitenote_note":"","_monsterinsights_sitenote_category":0,"footnotes":""},"categories":[32,36,38,48],"tags":[],"aioseo_notices":[],"_links":{"self":[{"href":"https:\/\/expressaoms.com.br\/index.php\/wp-json\/wp\/v2\/posts\/18192"}],"collection":[{"href":"https:\/\/expressaoms.com.br\/index.php\/wp-json\/wp\/v2\/posts"}],"about":[{"href":"https:\/\/expressaoms.com.br\/index.php\/wp-json\/wp\/v2\/types\/post"}],"author":[{"embeddable":true,"href":"https:\/\/expressaoms.com.br\/index.php\/wp-json\/wp\/v2\/users\/2"}],"replies":[{"embeddable":true,"href":"https:\/\/expressaoms.com.br\/index.php\/wp-json\/wp\/v2\/comments?post=18192"}],"version-history":[{"count":1,"href":"https:\/\/expressaoms.com.br\/index.php\/wp-json\/wp\/v2\/posts\/18192\/revisions"}],"predecessor-version":[{"id":18194,"href":"https:\/\/expressaoms.com.br\/index.php\/wp-json\/wp\/v2\/posts\/18192\/revisions\/18194"}],"wp:featuredmedia":[{"embeddable":true,"href":"https:\/\/expressaoms.com.br\/index.php\/wp-json\/wp\/v2\/media\/18193"}],"wp:attachment":[{"href":"https:\/\/expressaoms.com.br\/index.php\/wp-json\/wp\/v2\/media?parent=18192"}],"wp:term":[{"taxonomy":"category","embeddable":true,"href":"https:\/\/expressaoms.com.br\/index.php\/wp-json\/wp\/v2\/categories?post=18192"},{"taxonomy":"post_tag","embeddable":true,"href":"https:\/\/expressaoms.com.br\/index.php\/wp-json\/wp\/v2\/tags?post=18192"}],"curies":[{"name":"wp","href":"https:\/\/api.w.org\/{rel}","templated":true}]}}