{"id":18195,"date":"2023-04-14T12:39:19","date_gmt":"2023-04-14T15:39:19","guid":{"rendered":"https:\/\/expressaoms.com.br\/?p=18195"},"modified":"2023-04-14T12:39:19","modified_gmt":"2023-04-14T15:39:19","slug":"mutirao-da-limpeza-bairros-jardim-ipanema-e-jardim-brasilia-serao-os-proximos-atendidos","status":"publish","type":"post","link":"https:\/\/expressaoms.com.br\/index.php\/2023\/04\/14\/mutirao-da-limpeza-bairros-jardim-ipanema-e-jardim-brasilia-serao-os-proximos-atendidos\/","title":{"rendered":"MUTIR\u00c3O DA LIMPEZA \u2013 Bairros Jardim Ipanema e Jardim Bras\u00edlia ser\u00e3o os pr\u00f3ximos atendidos"},"content":{"rendered":"<p data-raofz=\"16\">Os bairros Jardim Ipanema e Jardim Bras\u00edlia ser\u00e3o os pr\u00f3ximos atendidos pelo Mutir\u00e3o da Limpeza, a\u00e7\u00e3o da Prefeitura de Tr\u00eas Lagoas, por meio do setor de Endemias, da Secretaria Municipal de Sa\u00fade (SMS), em parceria com a Secretaria Municipal de Infraestrutura, Transporte e Tr\u00e2nsito (SEINTRA), de combate ao mosquito Aedes aegypti.<\/p>\n<p data-raofz=\"16\">Dos dias 17 a 24, a campanha disponibilizar\u00e1 ca\u00e7ambas para auxiliar os moradores com o descarte correto de materiais e res\u00edduos que possam vir a ser criadouros prop\u00edcios \u00e0 prolifera\u00e7\u00e3o do mosquito Aedes aegypti (Dengue, Chikungunya e Zika), Fleb\u00f3tomo (Leishmaniose) e escorpi\u00f5es.<\/p>\n<p data-raofz=\"16\">Nesses locais s\u00e3o permitidos pneus velhos, embalagens e recipientes pl\u00e1sticos, vasos, pias, tanques, caixas d\u2019\u00e1gua, garrafas, vidros, madeiras e troncos secos inserv\u00edveis e entulhos que possam abrigar escorpi\u00f5es.<\/p>\n<p data-raofz=\"16\">E s\u00e3o proibidas galhadas e folhagens de podas recentes, m\u00f3veis, lixo dom\u00e9stico entre outros. Esses materiais devem ser destinados ao Burac\u00e3o do Jupi\u00e1 e o lixo comum depositado para a coleta de lixo. Itens como objetos\/eletr\u00f4nicos velhos ou quebrados, l\u00e2mpadas, animais mortos, tamb\u00e9m n\u00e3o s\u00e3o permitidos.<\/p>\n<p data-raofz=\"16\">CONFIRA OS LOCAIS DA PR\u00d3XIMA SEMANA<\/p>\n<p data-raofz=\"16\">As ca\u00e7ambas da PMTL estar\u00e3o dispon\u00edveis nas seguintes ruas, dos bairros Jardim Ipanema e Jardim Bras\u00edlia:<\/p>\n<p data-raofz=\"16\">Rua Maria Guilhermina Esteves<\/p>\n<p data-raofz=\"16\">Viela A<\/p>\n<p data-raofz=\"16\">Rua Manoel Jorge<\/p>\n<p data-raofz=\"16\">Rua 15 de Junho<\/p>\n<p data-raofz=\"16\">Rua Jorge Elias Seba<\/p>\n<p data-raofz=\"16\">Rua Luiz Corr\u00eaa da Silveira<\/p>\n<p data-raofz=\"16\">Rua Manoel Pedro de Campos<\/p>\n<p data-raofz=\"16\">Rua Alexandre Abr\u00e3o<\/p>\n<p data-raofz=\"16\">Rua M\u00e1rcia Mendes<\/p>\n<p data-raofz=\"16\">Rua Euclides da Cunha<\/p>\n<p data-raofz=\"16\">Rua Alfredo Castilho<\/p>\n<p data-raofz=\"16\">Rua Jos\u00e9 Amin<\/p>\n<p data-raofz=\"16\">Rua Jos\u00e9 Lopes Barbosa<\/p>\n<p data-raofz=\"16\">Rua Euclides da Cunha<\/p>\n<p data-raofz=\"16\">Rua Cel. Jo\u00e3o Filgueiras<\/p>\n<figure class=\"wp-block-gallery has-nested-images columns-default is-cropped wp-block-gallery-1 is-layout-flex\">\n<figure class=\"wp-block-image size-large\"><a role=\"link\" href=\"https:\/\/www.treslagoas.ms.gov.br\/wp-content\/uploads\/2023\/04\/JARDIM-NOVO-IPANEMA-MUTIRAO-scaled.jpg\" data-raofz=\"16\"><img fetchpriority=\"high\" decoding=\"async\" class=\"wp-image-105324 lazyloaded\" src=\"https:\/\/www.treslagoas.ms.gov.br\/wp-content\/uploads\/2023\/04\/JARDIM-NOVO-IPANEMA-MUTIRAO-660x920.jpg\" sizes=\"(max-width: 660px) 100vw, 660px\" srcset=\"https:\/\/www.treslagoas.ms.gov.br\/wp-content\/uploads\/2023\/04\/JARDIM-NOVO-IPANEMA-MUTIRAO-scaled.jpg 660w, https:\/\/www.treslagoas.ms.gov.br\/wp-content\/uploads\/2023\/04\/JARDIM-NOVO-IPANEMA-MUTIRAO-215x300.jpg 215w, https:\/\/www.treslagoas.ms.gov.br\/wp-content\/uploads\/2023\/04\/JARDIM-NOVO-IPANEMA-MUTIRAO-768x1070.jpg 768w, https:\/\/www.treslagoas.ms.gov.br\/wp-content\/uploads\/2023\/04\/JARDIM-NOVO-IPANEMA-MUTIRAO-1102x1536.jpg 1102w, https:\/\/www.treslagoas.ms.gov.br\/wp-content\/uploads\/2023\/04\/JARDIM-NOVO-IPANEMA-MUTIRAO-1470x2048.jpg 1470w, https:\/\/www.treslagoas.ms.gov.br\/wp-content\/uploads\/2023\/04\/JARDIM-NOVO-IPANEMA-MUTIRAO-134x187.jpg 134w, https:\/\/www.treslagoas.ms.gov.br\/wp-content\/uploads\/2023\/04\/JARDIM-NOVO-IPANEMA-MUTIRAO-1300x1811.jpg 1300w, https:\/\/www.treslagoas.ms.gov.br\/wp-content\/uploads\/2023\/04\/JARDIM-NOVO-IPANEMA-MUTIRAO-600x836.jpg 600w\" alt=\"\" width=\"660\" height=\"920\" data-id=\"105324\" data-srcset=\"https:\/\/www.treslagoas.ms.gov.br\/wp-content\/uploads\/2023\/04\/JARDIM-NOVO-IPANEMA-MUTIRAO-scaled.jpg 660w, https:\/\/www.treslagoas.ms.gov.br\/wp-content\/uploads\/2023\/04\/JARDIM-NOVO-IPANEMA-MUTIRAO-215x300.jpg 215w, https:\/\/www.treslagoas.ms.gov.br\/wp-content\/uploads\/2023\/04\/JARDIM-NOVO-IPANEMA-MUTIRAO-768x1070.jpg 768w, https:\/\/www.treslagoas.ms.gov.br\/wp-content\/uploads\/2023\/04\/JARDIM-NOVO-IPANEMA-MUTIRAO-1102x1536.jpg 1102w, https:\/\/www.treslagoas.ms.gov.br\/wp-content\/uploads\/2023\/04\/JARDIM-NOVO-IPANEMA-MUTIRAO-1470x2048.jpg 1470w, https:\/\/www.treslagoas.ms.gov.br\/wp-content\/uploads\/2023\/04\/JARDIM-NOVO-IPANEMA-MUTIRAO-134x187.jpg 134w, https:\/\/www.treslagoas.ms.gov.br\/wp-content\/uploads\/2023\/04\/JARDIM-NOVO-IPANEMA-MUTIRAO-1300x1811.jpg 1300w, https:\/\/www.treslagoas.ms.gov.br\/wp-content\/uploads\/2023\/04\/JARDIM-NOVO-IPANEMA-MUTIRAO-600x836.jpg 600w\" data-src=\"https:\/\/www.treslagoas.ms.gov.br\/wp-content\/uploads\/2023\/04\/JARDIM-NOVO-IPANEMA-MUTIRAO-660x920.jpg\" data-sizes=\"(max-width: 660px) 100vw, 660px\" \/><\/a><\/p>\n<figure class=\"wp-block-image size-medium\"><a role=\"link\" href=\"https:\/\/www.treslagoas.ms.gov.br\/wp-content\/uploads\/2023\/04\/JARDIM-BRASILIA-MUTIRAO-scaled.jpg\" data-raofz=\"16\"><img decoding=\"async\" class=\"wp-image-105325 lazyloaded\" src=\"https:\/\/www.treslagoas.ms.gov.br\/wp-content\/uploads\/2023\/04\/JARDIM-BRASILIA-MUTIRAO-216x300.jpg\" sizes=\"(max-width: 216px) 100vw, 216px\" srcset=\"https:\/\/www.treslagoas.ms.gov.br\/wp-content\/uploads\/2023\/04\/JARDIM-BRASILIA-MUTIRAO-216x300.jpg 216w, https:\/\/www.treslagoas.ms.gov.br\/wp-content\/uploads\/2023\/04\/JARDIM-BRASILIA-MUTIRAO-scaled.jpg 662w, https:\/\/www.treslagoas.ms.gov.br\/wp-content\/uploads\/2023\/04\/JARDIM-BRASILIA-MUTIRAO-768x1067.jpg 768w, https:\/\/www.treslagoas.ms.gov.br\/wp-content\/uploads\/2023\/04\/JARDIM-BRASILIA-MUTIRAO-1105x1536.jpg 1105w, https:\/\/www.treslagoas.ms.gov.br\/wp-content\/uploads\/2023\/04\/JARDIM-BRASILIA-MUTIRAO-1474x2048.jpg 1474w, https:\/\/www.treslagoas.ms.gov.br\/wp-content\/uploads\/2023\/04\/JARDIM-BRASILIA-MUTIRAO-135x187.jpg 135w, https:\/\/www.treslagoas.ms.gov.br\/wp-content\/uploads\/2023\/04\/JARDIM-BRASILIA-MUTIRAO-1300x1807.jpg 1300w, https:\/\/www.treslagoas.ms.gov.br\/wp-content\/uploads\/2023\/04\/JARDIM-BRASILIA-MUTIRAO-600x834.jpg 600w\" alt=\"\" width=\"216\" height=\"300\" data-id=\"105325\" data-srcset=\"https:\/\/www.treslagoas.ms.gov.br\/wp-content\/uploads\/2023\/04\/JARDIM-BRASILIA-MUTIRAO-216x300.jpg 216w, https:\/\/www.treslagoas.ms.gov.br\/wp-content\/uploads\/2023\/04\/JARDIM-BRASILIA-MUTIRAO-scaled.jpg 662w, https:\/\/www.treslagoas.ms.gov.br\/wp-content\/uploads\/2023\/04\/JARDIM-BRASILIA-MUTIRAO-768x1067.jpg 768w, https:\/\/www.treslagoas.ms.gov.br\/wp-content\/uploads\/2023\/04\/JARDIM-BRASILIA-MUTIRAO-1105x1536.jpg 1105w, https:\/\/www.treslagoas.ms.gov.br\/wp-content\/uploads\/2023\/04\/JARDIM-BRASILIA-MUTIRAO-1474x2048.jpg 1474w, https:\/\/www.treslagoas.ms.gov.br\/wp-content\/uploads\/2023\/04\/JARDIM-BRASILIA-MUTIRAO-135x187.jpg 135w, https:\/\/www.treslagoas.ms.gov.br\/wp-content\/uploads\/2023\/04\/JARDIM-BRASILIA-MUTIRAO-1300x1807.jpg 1300w, https:\/\/www.treslagoas.ms.gov.br\/wp-content\/uploads\/2023\/04\/JARDIM-BRASILIA-MUTIRAO-600x834.jpg 600w\" data-src=\"https:\/\/www.treslagoas.ms.gov.br\/wp-content\/uploads\/2023\/04\/JARDIM-BRASILIA-MUTIRAO-216x300.jpg\" data-sizes=\"(max-width: 216px) 100vw, 216px\" \/><\/a><\/figure>\n<\/figure>\n<\/figure>\n","protected":false},"excerpt":{"rendered":"<p>Os bairros Jardim Ipanema e Jardim Bras\u00edlia ser\u00e3o os pr\u00f3ximos atendidos pelo Mutir\u00e3o da Limpeza, a\u00e7\u00e3o da Prefeitura de Tr\u00eas Lagoas, por meio do setor de Endemias, da Secretaria Municipal de Sa\u00fade (SMS), em parceria com a Secretaria Municipal de Infraestrutura, Transporte e Tr\u00e2nsito (SEINTRA), de combate ao mosquito Aedes aegypti. Dos dias 17 a [&hellip;]<\/p>\n","protected":false},"author":2,"featured_media":18196,"comment_status":"open","ping_status":"open","sticky":false,"template":"","format":"standard","meta":{"om_disable_all_campaigns":false,"_monsterinsights_skip_tracking":false,"_monsterinsights_sitenote_active":false,"_monsterinsights_sitenote_note":"","_monsterinsights_sitenote_category":0,"footnotes":""},"categories":[36,48],"tags":[],"aioseo_notices":[],"_links":{"self":[{"href":"https:\/\/expressaoms.com.br\/index.php\/wp-json\/wp\/v2\/posts\/18195"}],"collection":[{"href":"https:\/\/expressaoms.com.br\/index.php\/wp-json\/wp\/v2\/posts"}],"about":[{"href":"https:\/\/expressaoms.com.br\/index.php\/wp-json\/wp\/v2\/types\/post"}],"author":[{"embeddable":true,"href":"https:\/\/expressaoms.com.br\/index.php\/wp-json\/wp\/v2\/users\/2"}],"replies":[{"embeddable":true,"href":"https:\/\/expressaoms.com.br\/index.php\/wp-json\/wp\/v2\/comments?post=18195"}],"version-history":[{"count":1,"href":"https:\/\/expressaoms.com.br\/index.php\/wp-json\/wp\/v2\/posts\/18195\/revisions"}],"predecessor-version":[{"id":18197,"href":"https:\/\/expressaoms.com.br\/index.php\/wp-json\/wp\/v2\/posts\/18195\/revisions\/18197"}],"wp:featuredmedia":[{"embeddable":true,"href":"https:\/\/expressaoms.com.br\/index.php\/wp-json\/wp\/v2\/media\/18196"}],"wp:attachment":[{"href":"https:\/\/expressaoms.com.br\/index.php\/wp-json\/wp\/v2\/media?parent=18195"}],"wp:term":[{"taxonomy":"category","embeddable":true,"href":"https:\/\/expressaoms.com.br\/index.php\/wp-json\/wp\/v2\/categories?post=18195"},{"taxonomy":"post_tag","embeddable":true,"href":"https:\/\/expressaoms.com.br\/index.php\/wp-json\/wp\/v2\/tags?post=18195"}],"curies":[{"name":"wp","href":"https:\/\/api.w.org\/{rel}","templated":true}]}}