{"id":18210,"date":"2023-04-14T12:48:19","date_gmt":"2023-04-14T15:48:19","guid":{"rendered":"https:\/\/expressaoms.com.br\/?p=18210"},"modified":"2023-04-14T12:48:19","modified_gmt":"2023-04-14T15:48:19","slug":"comunicado-aos-pais-e-alunos-de-brasilandia","status":"publish","type":"post","link":"https:\/\/expressaoms.com.br\/index.php\/2023\/04\/14\/comunicado-aos-pais-e-alunos-de-brasilandia\/","title":{"rendered":"Comunicado aos pais e alunos de Brasil\u00e2ndia"},"content":{"rendered":"<p>A Secretaria de Educa\u00e7\u00e3o de Brasil\u00e2ndia, informa aos pais ou respons\u00e1veis e at\u00e9 mesmo os alunos da rede municipal de ensino,\u00a0 que em raz\u00e3o da gravidade e repercuss\u00e3o dos recentes crimes e ataques praticados em creches e escolas em nosso pa\u00eds, a Pol\u00edcia Civil de Brasil\u00e2ndia, em conjunto com a Pol\u00edcia Militar, ir\u00e1 refor\u00e7ar o policiamento preventivo em rondas pr\u00f3ximas as escolas, bem como conta com o apoio da popula\u00e7\u00e3o para den\u00fancias e, atrav\u00e9s da orienta\u00e7\u00e3o com palestras e a presen\u00e7a policial em escolas, buscar\u00e1 a preven\u00e7\u00e3o de eventuais crimes.<\/p>\n<p>Apresentamos algumas medidas de seguran\u00e7a no interior e nos arredores das escolas e centro de educa\u00e7\u00e3o infantil.<\/p>\n<p>1 \u2013 MANTER todos os port\u00f5es de acesso sempre trancados e com profissionais nos momentos de abertura;<\/p>\n<p>2 \u2013 OBSERVAR permanentemente os interno e externo da unidade de Ensino;<\/p>\n<p>3 \u2013 Restringir o acesso de terceiros no interior da Unidades de Ensino, devendo estes dirigir a Secretaria Escolar para tratar quaisquer assuntos;<\/p>\n<p>4 \u2013 Orientar os Profissionais da Educa\u00e7\u00e3o e estudantes, a fim de estarem atentos a quaisquer movimenta\u00e7\u00f5es estranhas ou nas proximidades das Unidades de ensino;<\/p>\n<p>5 \u2013 Permitir e acompanhar as Rondas Policiais, quando houver;<\/p>\n<p>6 \u2013 acompanhar, constantemente, o monitoramento das C\u00e2meras de Seguran\u00e7a das unidades de ensino que possuem este equipamento;<\/p>\n<p>7 \u2013 Orientar pais \/ respons\u00e1veis que ao notarem qualquer comportamento estranho de seus filhos, procurem a equipe gestora para juntos realizarem os encaminhamentos cab\u00edveis e, observar o material escolar de seus filhos em especial as mochilas, para que n\u00e3o levem objetos alheios \u00e0s atividades escolares;<\/p>\n<p>8 \u2013 Implementar a\u00e7\u00f5es pedag\u00f3gicas e administrativas para fortalecer a Cultura de paz nas Unidade de Ensino;<\/p>\n<p>9 \u2013 Denunciar, imediatamente, quaisquer fatos que possam colocar em risco a integridade dos estudantes e profissionais da educa\u00e7\u00e3o, por meio de contato telef\u00f4nico das autoridades de seguran\u00e7a disponibilizada aos gestores.<\/p>\n<p>Sendo assim, formamos uma Rede de Seguran\u00e7a, nas Escolas Municipais e Centros de Educa\u00e7\u00e3o infantil do nosso Municipio e reafirmamos que os espa\u00e7os escolares s\u00e3o os mais seguros para as crian\u00e7as de Brasi\u00e2ndia.<\/p>\n<p>Telefones para den\u00fancias:<\/p>\n<p>POLICIA MILITAR &#8211; 190 e 9987-9772<\/p>\n<p>POLICIA CIVIL &#8211; 3546-1294<\/p>\n","protected":false},"excerpt":{"rendered":"<p>A Secretaria de Educa\u00e7\u00e3o de Brasil\u00e2ndia, informa aos pais ou respons\u00e1veis e at\u00e9 mesmo os alunos da rede municipal de ensino,\u00a0 que em raz\u00e3o da gravidade e repercuss\u00e3o dos recentes crimes e ataques praticados em creches e escolas em nosso pa\u00eds, a Pol\u00edcia Civil de Brasil\u00e2ndia, em conjunto com a Pol\u00edcia Militar, ir\u00e1 refor\u00e7ar o [&hellip;]<\/p>\n","protected":false},"author":2,"featured_media":18211,"comment_status":"open","ping_status":"open","sticky":false,"template":"","format":"standard","meta":{"om_disable_all_campaigns":false,"_monsterinsights_skip_tracking":false,"_monsterinsights_sitenote_active":false,"_monsterinsights_sitenote_note":"","_monsterinsights_sitenote_category":0,"footnotes":""},"categories":[26,193],"tags":[],"aioseo_notices":[],"_links":{"self":[{"href":"https:\/\/expressaoms.com.br\/index.php\/wp-json\/wp\/v2\/posts\/18210"}],"collection":[{"href":"https:\/\/expressaoms.com.br\/index.php\/wp-json\/wp\/v2\/posts"}],"about":[{"href":"https:\/\/expressaoms.com.br\/index.php\/wp-json\/wp\/v2\/types\/post"}],"author":[{"embeddable":true,"href":"https:\/\/expressaoms.com.br\/index.php\/wp-json\/wp\/v2\/users\/2"}],"replies":[{"embeddable":true,"href":"https:\/\/expressaoms.com.br\/index.php\/wp-json\/wp\/v2\/comments?post=18210"}],"version-history":[{"count":1,"href":"https:\/\/expressaoms.com.br\/index.php\/wp-json\/wp\/v2\/posts\/18210\/revisions"}],"predecessor-version":[{"id":18212,"href":"https:\/\/expressaoms.com.br\/index.php\/wp-json\/wp\/v2\/posts\/18210\/revisions\/18212"}],"wp:featuredmedia":[{"embeddable":true,"href":"https:\/\/expressaoms.com.br\/index.php\/wp-json\/wp\/v2\/media\/18211"}],"wp:attachment":[{"href":"https:\/\/expressaoms.com.br\/index.php\/wp-json\/wp\/v2\/media?parent=18210"}],"wp:term":[{"taxonomy":"category","embeddable":true,"href":"https:\/\/expressaoms.com.br\/index.php\/wp-json\/wp\/v2\/categories?post=18210"},{"taxonomy":"post_tag","embeddable":true,"href":"https:\/\/expressaoms.com.br\/index.php\/wp-json\/wp\/v2\/tags?post=18210"}],"curies":[{"name":"wp","href":"https:\/\/api.w.org\/{rel}","templated":true}]}}