{"id":18320,"date":"2023-04-19T14:39:33","date_gmt":"2023-04-19T17:39:33","guid":{"rendered":"https:\/\/expressaoms.com.br\/?p=18320"},"modified":"2023-04-19T14:39:33","modified_gmt":"2023-04-19T17:39:33","slug":"e-e-fernando-correa-e-campea-dos-jets-de-futsal-e-representara-tres-lagoas-nos-jogos-escolares-de-ms","status":"publish","type":"post","link":"https:\/\/expressaoms.com.br\/index.php\/2023\/04\/19\/e-e-fernando-correa-e-campea-dos-jets-de-futsal-e-representara-tres-lagoas-nos-jogos-escolares-de-ms\/","title":{"rendered":"E.E. Fernando Corr\u00eaa \u00e9 campe\u00e3 dos JET\u2019s de futsal e representar\u00e1 Tr\u00eas Lagoas nos Jogos Escolares de MS"},"content":{"rendered":"<p data-raofz=\"16\">Tr\u00eas Lagoas conheceu na noite de ontem, ter\u00e7a-feira (18), o grande campe\u00e3o de futsal masculino dos Jogos Escolares Tr\u00eas-lagoenses (JET\u2019s) \u2013 12 a 14 anos.<\/p>\n<p data-raofz=\"16\">Os embates aconteceram no Gin\u00e1sio Municipal de Esportes \u201cCacilda Acre Rocha\u201d e com boa quantidade de p\u00fablico, os primeiros a entrarem em quadra foram as equipes das Escolas SESI e Luiz Lopes de Carvalho, disputando o terceiro lugar.<br \/>\nA garotada da LULOCA p\u00f4s todo o talento para fora e garantiu o bronze desta edi\u00e7\u00e3o ao vencer o SESI por 7 a 1.<\/p>\n<p data-raofz=\"16\">Na sequ\u00eancia, a aguardada final entre a Escola Estadual Fernando Corr\u00eaa e Escola Municipal \u201cMaria Eul\u00e1lia Vieira foi vantajosa para os meninos do Estado, que consagraram campe\u00f5es ao fechar o jogo em 4 a 1. Com isso, a equipe Fernando Corr\u00eaa ser\u00e1 a representante de Tr\u00eas Lagoas nos Jogos Escolares de Mato Grosso do Sul.<\/p>\n<p data-raofz=\"16\">Ap\u00f3s os jogos, a equipe da Secretaria Municipal de Esporte, Juventude e Lazer (SEJUVEL) realizou a entrega dos trof\u00e9us para o 1\u00ba, 2\u00ba, 3\u00ba e 4\u00ba lugar, e para o goleiro menos vazado e artilheiro da competi\u00e7\u00e3o, sendo Andrey da LULOCA e Abner Henrique do FC, consecutivamente.<\/p>\n","protected":false},"excerpt":{"rendered":"<p>Tr\u00eas Lagoas conheceu na noite de ontem, ter\u00e7a-feira (18), o grande campe\u00e3o de futsal masculino dos Jogos Escolares Tr\u00eas-lagoenses (JET\u2019s) \u2013 12 a 14 anos. Os embates aconteceram no Gin\u00e1sio Municipal de Esportes \u201cCacilda Acre Rocha\u201d e com boa quantidade de p\u00fablico, os primeiros a entrarem em quadra foram as equipes das Escolas SESI e [&hellip;]<\/p>\n","protected":false},"author":2,"featured_media":18321,"comment_status":"open","ping_status":"open","sticky":false,"template":"","format":"standard","meta":{"om_disable_all_campaigns":false,"_monsterinsights_skip_tracking":false,"_monsterinsights_sitenote_active":false,"_monsterinsights_sitenote_note":"","_monsterinsights_sitenote_category":0,"footnotes":""},"categories":[34,36,48],"tags":[],"aioseo_notices":[],"_links":{"self":[{"href":"https:\/\/expressaoms.com.br\/index.php\/wp-json\/wp\/v2\/posts\/18320"}],"collection":[{"href":"https:\/\/expressaoms.com.br\/index.php\/wp-json\/wp\/v2\/posts"}],"about":[{"href":"https:\/\/expressaoms.com.br\/index.php\/wp-json\/wp\/v2\/types\/post"}],"author":[{"embeddable":true,"href":"https:\/\/expressaoms.com.br\/index.php\/wp-json\/wp\/v2\/users\/2"}],"replies":[{"embeddable":true,"href":"https:\/\/expressaoms.com.br\/index.php\/wp-json\/wp\/v2\/comments?post=18320"}],"version-history":[{"count":1,"href":"https:\/\/expressaoms.com.br\/index.php\/wp-json\/wp\/v2\/posts\/18320\/revisions"}],"predecessor-version":[{"id":18322,"href":"https:\/\/expressaoms.com.br\/index.php\/wp-json\/wp\/v2\/posts\/18320\/revisions\/18322"}],"wp:featuredmedia":[{"embeddable":true,"href":"https:\/\/expressaoms.com.br\/index.php\/wp-json\/wp\/v2\/media\/18321"}],"wp:attachment":[{"href":"https:\/\/expressaoms.com.br\/index.php\/wp-json\/wp\/v2\/media?parent=18320"}],"wp:term":[{"taxonomy":"category","embeddable":true,"href":"https:\/\/expressaoms.com.br\/index.php\/wp-json\/wp\/v2\/categories?post=18320"},{"taxonomy":"post_tag","embeddable":true,"href":"https:\/\/expressaoms.com.br\/index.php\/wp-json\/wp\/v2\/tags?post=18320"}],"curies":[{"name":"wp","href":"https:\/\/api.w.org\/{rel}","templated":true}]}}