{"id":18577,"date":"2023-05-01T09:20:33","date_gmt":"2023-05-01T12:20:33","guid":{"rendered":"https:\/\/expressaoms.com.br\/?p=18577"},"modified":"2023-05-01T09:20:33","modified_gmt":"2023-05-01T12:20:33","slug":"homem-e-preso-em-tres-lagoas-por-importunacao-sexual-e-agressao","status":"publish","type":"post","link":"https:\/\/expressaoms.com.br\/index.php\/2023\/05\/01\/homem-e-preso-em-tres-lagoas-por-importunacao-sexual-e-agressao\/","title":{"rendered":"Homem \u00e9 preso em Tr\u00eas Lagoas por importuna\u00e7\u00e3o sexual e agress\u00e3o"},"content":{"rendered":"<p>No final da tarde de sexta-feira (28\/04), a Pol\u00edcia Civil, por interm\u00e9dio da 2\u00aa Delegacia e da DAM (Delegacia de Atendimento \u00e0 Mulher) de Tr\u00eas Lagoas, prendeu em flagrante um homem pelos crimes de agress\u00e3o, inj\u00faria e importuna\u00e7\u00e3o sexual. Por volta de 15 horas, agentes da 2\u00aa DP estavam em dilig\u00eancias no bairro Jardim Alvorada, quando foram acionados por populares.<\/p>\n<p>No local, imediatamente j\u00e1 colocaram a v\u00edtima em prote\u00e7\u00e3o e capturaram o autor. Foi solicitado apoio da DAM, que estava em dilig\u00eancias para averigua\u00e7\u00e3o de outra den\u00fancia.<\/p>\n<p>Segundo o apurado, autor e v\u00edtima estavam na resid\u00eancia dele, quando ele passou as m\u00e3os no corpo dela e, diante da negativa, desferiu um tapa em seu rosto, assim como a xingou. Ele foi conduzido \u00e0 sede da DAM pelos policiais, onde foi autuado em flagrante delito pelo delegado de pol\u00edcia respons\u00e1vel.<\/p>\n<p>Ap\u00f3s a realiza\u00e7\u00e3o do exame de corpo de delito, o autor foi encaminhado \u00e0s celas da DEPAC, onde aguardar\u00e1 \u00e0 disposi\u00e7\u00e3o da justi\u00e7a, at\u00e9 a audi\u00eancia de cust\u00f3dia.<\/p>\n<p>A Delegacia de Pol\u00edcia Civil de Tr\u00eas Lagoas solicita a colabora\u00e7\u00e3o e apoio de toda popula\u00e7\u00e3o tr\u00eas-lagoense, com informa\u00e7\u00f5es sobre a pr\u00e1tica de crimes e localiza\u00e7\u00e3o de indiv\u00edduos foragidos da Justi\u00e7a. O sigilo e anonimato s\u00e3o assegurados.<\/p>\n","protected":false},"excerpt":{"rendered":"<p>No final da tarde de sexta-feira (28\/04), a Pol\u00edcia Civil, por interm\u00e9dio da 2\u00aa Delegacia e da DAM (Delegacia de Atendimento \u00e0 Mulher) de Tr\u00eas Lagoas, prendeu em flagrante um homem pelos crimes de agress\u00e3o, inj\u00faria e importuna\u00e7\u00e3o sexual. Por volta de 15 horas, agentes da 2\u00aa DP estavam em dilig\u00eancias no bairro Jardim Alvorada, [&hellip;]<\/p>\n","protected":false},"author":2,"featured_media":18578,"comment_status":"open","ping_status":"open","sticky":false,"template":"","format":"standard","meta":{"om_disable_all_campaigns":false,"_monsterinsights_skip_tracking":false,"_monsterinsights_sitenote_active":false,"_monsterinsights_sitenote_note":"","_monsterinsights_sitenote_category":0,"footnotes":""},"categories":[30,41,48],"tags":[],"aioseo_notices":[],"_links":{"self":[{"href":"https:\/\/expressaoms.com.br\/index.php\/wp-json\/wp\/v2\/posts\/18577"}],"collection":[{"href":"https:\/\/expressaoms.com.br\/index.php\/wp-json\/wp\/v2\/posts"}],"about":[{"href":"https:\/\/expressaoms.com.br\/index.php\/wp-json\/wp\/v2\/types\/post"}],"author":[{"embeddable":true,"href":"https:\/\/expressaoms.com.br\/index.php\/wp-json\/wp\/v2\/users\/2"}],"replies":[{"embeddable":true,"href":"https:\/\/expressaoms.com.br\/index.php\/wp-json\/wp\/v2\/comments?post=18577"}],"version-history":[{"count":1,"href":"https:\/\/expressaoms.com.br\/index.php\/wp-json\/wp\/v2\/posts\/18577\/revisions"}],"predecessor-version":[{"id":18579,"href":"https:\/\/expressaoms.com.br\/index.php\/wp-json\/wp\/v2\/posts\/18577\/revisions\/18579"}],"wp:featuredmedia":[{"embeddable":true,"href":"https:\/\/expressaoms.com.br\/index.php\/wp-json\/wp\/v2\/media\/18578"}],"wp:attachment":[{"href":"https:\/\/expressaoms.com.br\/index.php\/wp-json\/wp\/v2\/media?parent=18577"}],"wp:term":[{"taxonomy":"category","embeddable":true,"href":"https:\/\/expressaoms.com.br\/index.php\/wp-json\/wp\/v2\/categories?post=18577"},{"taxonomy":"post_tag","embeddable":true,"href":"https:\/\/expressaoms.com.br\/index.php\/wp-json\/wp\/v2\/tags?post=18577"}],"curies":[{"name":"wp","href":"https:\/\/api.w.org\/{rel}","templated":true}]}}