{"id":1859,"date":"2021-10-28T11:32:41","date_gmt":"2021-10-28T14:32:41","guid":{"rendered":"https:\/\/expressaoms.com.br\/?p=1859"},"modified":"2021-10-28T11:32:41","modified_gmt":"2021-10-28T14:32:41","slug":"pancadas-de-chuva-marcam-ultimos-dias-de-outubro-em-mato-grosso-do-sul","status":"publish","type":"post","link":"https:\/\/expressaoms.com.br\/index.php\/2021\/10\/28\/pancadas-de-chuva-marcam-ultimos-dias-de-outubro-em-mato-grosso-do-sul\/","title":{"rendered":"Pancadas de chuva marcam \u00faltimos dias de outubro em Mato Grosso do Sul"},"content":{"rendered":"<p><span data-uw-styling-context=\"true\">A \u00faltima semana de outubro deve terminar com pancadas de chuvas isoladas que podem vir com intensidade moderada a forte. A estimativa \u00e9 do meteorologista Nat\u00e1lio Abrah\u00e3o que indica que essas condi\u00e7\u00f5es ser\u00e3o provocadas por \u00e1reas de instabilidade que v\u00e3o se formar especialmente entre esta quinta-feira (28) e o pr\u00f3ximo domingo (31).\u00a0<\/span><\/p>\n<p><span data-uw-styling-context=\"true\">O ar quente e \u00famido predomina sobre Centro-Oeste e facilita a forma\u00e7\u00e3o das nuvens de chuva. Ainda assim, o dia ter\u00e1 varia\u00e7\u00e3o de nebulosidade com per\u00edodo de c\u00e9u aberto em algumas \u00e1reas. Entre o in\u00edcio da tarde e noite h\u00e1 chance de chuva em praticamente todo Estado.\u00a0<\/span><\/p>\n<p><span data-uw-styling-context=\"true\">A madrugada ter\u00e1 m\u00ednimas em torno dos 20\u00b0C e no meio da tarde podem atingir at\u00e9 35\u00b0C entre as regi\u00f5es sudoeste e pantaneira. Nestas mesmas \u00e1reas onde far\u00e1 bastante calor a tarde, os n\u00edveis de umidade podem atingir \u00edndices entre 20-30%.\u00a0<\/span><\/p>\n<p><span data-uw-styling-context=\"true\">Confira abaixo as m\u00ednimas e as m\u00e1ximas estimadas pelo Climatempo para a Capital e algumas cidades sul-mato-grossenses nesta quinta-feira.\u00a0<\/span><\/p>\n<p><span data-uw-styling-context=\"true\">Campo Grande: 22\u00b0C | 30\u00b0C<\/span><\/p>\n<p><span data-uw-styling-context=\"true\">Dourados: 21\u00b0C | 32\u00b0C<\/span><\/p>\n<p><span data-uw-styling-context=\"true\">Ponta Por\u00e3: 20\u00b0C | 30\u00b0C<\/span><\/p>\n<p><span data-uw-styling-context=\"true\">Tr\u00eas Lagoas: 22\u00b0C | 29\u00b0C\u00a0<\/span><\/p>\n<p><span data-uw-styling-context=\"true\">Porto Murtinho: 25\u00b0C | 36\u00b0C<\/span><\/p>\n<p><span data-uw-styling-context=\"true\">Coxim: 23\u00b0C | 32\u00b0C<\/span><\/p>\n<p><span data-uw-styling-context=\"true\">Corumb\u00e1: 24\u00b0C | 35\u00b0C<\/span><\/p>\n","protected":false},"excerpt":{"rendered":"<p>A \u00faltima semana de outubro deve terminar com pancadas de chuvas isoladas que podem vir com intensidade moderada a forte. A estimativa \u00e9 do meteorologista Nat\u00e1lio Abrah\u00e3o que indica que essas condi\u00e7\u00f5es ser\u00e3o provocadas por \u00e1reas de instabilidade que v\u00e3o se formar especialmente entre esta quinta-feira (28) e o pr\u00f3ximo domingo (31).\u00a0 O ar quente [&hellip;]<\/p>\n","protected":false},"author":3,"featured_media":0,"comment_status":"open","ping_status":"open","sticky":false,"template":"","format":"standard","meta":{"om_disable_all_campaigns":false,"_monsterinsights_skip_tracking":false,"_monsterinsights_sitenote_active":false,"_monsterinsights_sitenote_note":"","_monsterinsights_sitenote_category":0,"footnotes":""},"categories":[30,36,47],"tags":[],"aioseo_notices":[],"_links":{"self":[{"href":"https:\/\/expressaoms.com.br\/index.php\/wp-json\/wp\/v2\/posts\/1859"}],"collection":[{"href":"https:\/\/expressaoms.com.br\/index.php\/wp-json\/wp\/v2\/posts"}],"about":[{"href":"https:\/\/expressaoms.com.br\/index.php\/wp-json\/wp\/v2\/types\/post"}],"author":[{"embeddable":true,"href":"https:\/\/expressaoms.com.br\/index.php\/wp-json\/wp\/v2\/users\/3"}],"replies":[{"embeddable":true,"href":"https:\/\/expressaoms.com.br\/index.php\/wp-json\/wp\/v2\/comments?post=1859"}],"version-history":[{"count":1,"href":"https:\/\/expressaoms.com.br\/index.php\/wp-json\/wp\/v2\/posts\/1859\/revisions"}],"predecessor-version":[{"id":1861,"href":"https:\/\/expressaoms.com.br\/index.php\/wp-json\/wp\/v2\/posts\/1859\/revisions\/1861"}],"wp:attachment":[{"href":"https:\/\/expressaoms.com.br\/index.php\/wp-json\/wp\/v2\/media?parent=1859"}],"wp:term":[{"taxonomy":"category","embeddable":true,"href":"https:\/\/expressaoms.com.br\/index.php\/wp-json\/wp\/v2\/categories?post=1859"},{"taxonomy":"post_tag","embeddable":true,"href":"https:\/\/expressaoms.com.br\/index.php\/wp-json\/wp\/v2\/tags?post=1859"}],"curies":[{"name":"wp","href":"https:\/\/api.w.org\/{rel}","templated":true}]}}