{"id":18632,"date":"2023-05-03T14:30:16","date_gmt":"2023-05-03T17:30:16","guid":{"rendered":"https:\/\/expressaoms.com.br\/?p=18632"},"modified":"2023-05-03T14:56:43","modified_gmt":"2023-05-03T17:56:43","slug":"vereadores-anunciam-suspensao-da-taxa-de-lixo-por-90-dias","status":"publish","type":"post","link":"https:\/\/expressaoms.com.br\/index.php\/2023\/05\/03\/vereadores-anunciam-suspensao-da-taxa-de-lixo-por-90-dias\/","title":{"rendered":"Cobran\u00e7a da taxa de lixo ser\u00e1 suspensa por 90 dias em Tr\u00eas Lagoas"},"content":{"rendered":"<p>A C\u00e2mara Municipal de Tr\u00eas Lagoas dever\u00e1 votar, j\u00e1 na pr\u00f3xima sess\u00e3o, dia 8 de maio, um projeto de decreto legislativo para suspens\u00e3o da cobran\u00e7a de taxa de lixo, por 90 dias.<\/p>\n<p>O objetivo \u00e9 promover an\u00e1lises e poss\u00edveis revis\u00f5es na cobran\u00e7a, que foi implantada no m\u00eas de abril. Na manh\u00e3 desta quarta-feira (3), os vereadores fizeram a terceira reuni\u00e3o com t\u00e9cnicos da prefeitura, depois de tamb\u00e9m se reunirem com o prefeito \u00c2ngelo Guerreiro, para discutir a situa\u00e7\u00e3o.<\/p>\n<p>A medida foi anunciada pelo presidente da C\u00e2mara, Doutor Cassiano Maia, ao lado dos vereadores.<\/p>\n<p>O presidente afirmou que todos os parlamentares t\u00eam recebido in\u00fameras reclama\u00e7\u00f5es sobre a taxa de lixo. \u201cS\u00e3o muitos questionamentos sobre a taxa estar atrelada \u00e0 conta de \u00e1gua e esgoto e tamb\u00e9m sobre a desigualdade dos valores cobrados da popula\u00e7\u00e3o, com os crit\u00e9rios atualmente usados\u201d, explicou o vereador.<\/p>\n<p>No per\u00edodo de suspens\u00e3o, a ideia \u00e9 criar uma comiss\u00e3o para analisar o atual formato e poss\u00edveis altera\u00e7\u00f5es que deixem a taxa em um melhor formato.<\/p>\n<p>Na reuni\u00e3o desta manh\u00e3, estiveram presentes os vereadores, al\u00e9m dos secret\u00e1rios de Finan\u00e7as, Receita e Controle, Soyla Garcia, de Governo, Daynler Martins Leonel, de Meio Ambiente, Jos\u00e9 Mauro De Grande J\u00fanior, o procurador jur\u00eddico da prefeitura, Luiz Henrique Gusm\u00e3o, e servidores do quadro t\u00e9cnico da administra\u00e7\u00e3o municipal.<\/p>\n","protected":false},"excerpt":{"rendered":"<p>A C\u00e2mara Municipal de Tr\u00eas Lagoas dever\u00e1 votar, j\u00e1 na pr\u00f3xima sess\u00e3o, dia 8 de maio, um projeto de decreto legislativo para suspens\u00e3o da cobran\u00e7a de taxa de lixo, por 90 dias. O objetivo \u00e9 promover an\u00e1lises e poss\u00edveis revis\u00f5es na cobran\u00e7a, que foi implantada no m\u00eas de abril. Na manh\u00e3 desta quarta-feira (3), os [&hellip;]<\/p>\n","protected":false},"author":2,"featured_media":18636,"comment_status":"open","ping_status":"open","sticky":false,"template":"","format":"standard","meta":{"om_disable_all_campaigns":false,"_monsterinsights_skip_tracking":false,"_monsterinsights_sitenote_active":false,"_monsterinsights_sitenote_note":"","_monsterinsights_sitenote_category":0,"footnotes":""},"categories":[30,42,48],"tags":[],"aioseo_notices":[],"_links":{"self":[{"href":"https:\/\/expressaoms.com.br\/index.php\/wp-json\/wp\/v2\/posts\/18632"}],"collection":[{"href":"https:\/\/expressaoms.com.br\/index.php\/wp-json\/wp\/v2\/posts"}],"about":[{"href":"https:\/\/expressaoms.com.br\/index.php\/wp-json\/wp\/v2\/types\/post"}],"author":[{"embeddable":true,"href":"https:\/\/expressaoms.com.br\/index.php\/wp-json\/wp\/v2\/users\/2"}],"replies":[{"embeddable":true,"href":"https:\/\/expressaoms.com.br\/index.php\/wp-json\/wp\/v2\/comments?post=18632"}],"version-history":[{"count":3,"href":"https:\/\/expressaoms.com.br\/index.php\/wp-json\/wp\/v2\/posts\/18632\/revisions"}],"predecessor-version":[{"id":18641,"href":"https:\/\/expressaoms.com.br\/index.php\/wp-json\/wp\/v2\/posts\/18632\/revisions\/18641"}],"wp:featuredmedia":[{"embeddable":true,"href":"https:\/\/expressaoms.com.br\/index.php\/wp-json\/wp\/v2\/media\/18636"}],"wp:attachment":[{"href":"https:\/\/expressaoms.com.br\/index.php\/wp-json\/wp\/v2\/media?parent=18632"}],"wp:term":[{"taxonomy":"category","embeddable":true,"href":"https:\/\/expressaoms.com.br\/index.php\/wp-json\/wp\/v2\/categories?post=18632"},{"taxonomy":"post_tag","embeddable":true,"href":"https:\/\/expressaoms.com.br\/index.php\/wp-json\/wp\/v2\/tags?post=18632"}],"curies":[{"name":"wp","href":"https:\/\/api.w.org\/{rel}","templated":true}]}}