{"id":18640,"date":"2023-05-03T14:57:19","date_gmt":"2023-05-03T17:57:19","guid":{"rendered":"https:\/\/expressaoms.com.br\/?p=18640"},"modified":"2023-05-03T14:57:19","modified_gmt":"2023-05-03T17:57:19","slug":"festival-da-costela-e-chopp-acontece-em-tres-lagoas-neste-fim-de-semana","status":"publish","type":"post","link":"https:\/\/expressaoms.com.br\/index.php\/2023\/05\/03\/festival-da-costela-e-chopp-acontece-em-tres-lagoas-neste-fim-de-semana\/","title":{"rendered":"Festival da Costela e Chopp acontece em Tr\u00eas Lagoas neste fim de semana"},"content":{"rendered":"<p class=\"v1ql-align-center\"><em>Evento, que ser\u00e1 no estacionamento do Shopping Tr\u00eas Lagoas, ter\u00e1 entrada gratuita, a\u00e7\u00e3o solid\u00e1ria, apresenta\u00e7\u00f5es musicais e diversidade gastron\u00f4mica.<\/em><\/p>\n<p class=\"v1ql-align-justify\">Tr\u00eas Lagoas recebe a partir desta quinta-feira (4) o Festival da Costela e Chopp, com in\u00fameras op\u00e7\u00f5es gastron\u00f4micas. O evento, que ter\u00e1 entrada gratuita, vai at\u00e9 domingo (7). O festival promete movimentar a regi\u00e3o no estacionamento do Shopping Tr\u00eas Lagoas com shows musicais, inclusive com tributo a Mar\u00edlia Mendon\u00e7a, para alegrar o p\u00fablico presente.<\/p>\n<p class=\"v1ql-align-justify\"><strong>Gastronomia <\/strong><\/p>\n<p class=\"v1ql-align-justify\">Pratos diversificados ser\u00e3o produzidos por chefs renomados durante a festa, entre eles, costela de ch\u00e3o, costela no bafo, costela cozida, lanche de costela, pastel de costela, pamonha de costela, coxinha de costela, al\u00e9m de chopp artesanal, diversos r\u00f3tulos de cervejas, drinks, espeto, burguer na parrila, bai\u00e3o de dois, costela com queijo, pernil bovino casqueirado, feij\u00e3o tropeiro, porco no rolete, torresmo, arroz carreteiro e, claro, doces diversos como doces mineiros e doces caseiros, al\u00e9m dos maravilhosos churros, com a novidade do churros de 30 cm.<\/p>\n<p class=\"v1ql-align-justify\">Para L\u00edlian de Paula, organizadora do festival, o evento promete superar expectativas.\u00a0&#8220;Teremos muitas op\u00e7\u00f5es gastron\u00f4micas de costela, doces, in\u00fameros r\u00f3tulos de cervejas artesanais, o magn\u00edfico chopp e, para completar, as atra\u00e7\u00f5es musicais, que foram cuidadosamente escolhidas especialmente para o nosso p\u00fablico&#8221;, disse.<\/p>\n<p class=\"v1ql-align-justify\"><strong>Solidariedade<\/strong><\/p>\n<p class=\"v1ql-align-justify\">Haver\u00e1 ponto de arrecada\u00e7\u00e3o para quem puder colaborar (n\u00e3o \u00e9 obrigat\u00f3rio) com 01 kg de alimento n\u00e3o perec\u00edvel que ser\u00e1 destinado para institui\u00e7\u00f5es assistenciais.<\/p>\n<p class=\"v1ql-align-justify\"><strong>Programa\u00e7\u00e3o musical<\/strong><\/p>\n<p class=\"v1ql-align-justify\">Quinta (4) &#8211; 19h &#8211; Cover Charlie Brown Jr;<\/p>\n<p class=\"v1ql-align-justify\">Sexta (5) &#8211; 19h &#8211; J\u00falia Arantes &#8211; Tributo Mar\u00edlia Mendon\u00e7a;<\/p>\n<p class=\"v1ql-align-justify\">S\u00e1bado (6) &#8211; 19h &#8211; Scamball a4 &#8211; The best of Rock;<\/p>\n<p class=\"v1ql-align-justify\">Domingo (7) &#8211; 13h &#8211; Grupo TeDeJota Pagode; 16h &#8211; Cover Engenheiros do<\/p>\n<p class=\"v1ql-align-justify\">Hawaii.<\/p>\n<p class=\"v1ql-align-justify\"><strong>SERVI\u00c7O \u2013 FESTIVAL DA COSTELA E CHOPP EM TR\u00caS LAGOAS<\/strong><\/p>\n<p class=\"v1ql-align-justify\">Quando: quinta (4\/5), sexta (5\/5), s\u00e1bado (6\/5), domingo (7\/5).<\/p>\n<p class=\"v1ql-align-justify\">Hor\u00e1rios: quinta-feira e sexta-feira das 17h \u00e0s 22h, s\u00e1bado das 12h \u00e0s 22h e domingo<\/p>\n<p class=\"v1ql-align-justify\">das 12h \u00e0s 21h.<\/p>\n<p class=\"v1ql-align-justify\">Onde: Estacionamento Shopping Tr\u00eas Lagoas (Av. Jamil Jorge Salom\u00e3o, 3807<\/p>\n<p class=\"v1ql-align-justify\">&#8211; Tr\u00eas Lagoas\/MS)<\/p>\n<p class=\"v1ql-align-justify\">Entrada gratuita.<\/p>\n","protected":false},"excerpt":{"rendered":"<p>Evento, que ser\u00e1 no estacionamento do Shopping Tr\u00eas Lagoas, ter\u00e1 entrada gratuita, a\u00e7\u00e3o solid\u00e1ria, apresenta\u00e7\u00f5es musicais e diversidade gastron\u00f4mica. Tr\u00eas Lagoas recebe a partir desta quinta-feira (4) o Festival da Costela e Chopp, com in\u00fameras op\u00e7\u00f5es gastron\u00f4micas. O evento, que ter\u00e1 entrada gratuita, vai at\u00e9 domingo (7). O festival promete movimentar a regi\u00e3o no estacionamento [&hellip;]<\/p>\n","protected":false},"author":2,"featured_media":18642,"comment_status":"open","ping_status":"open","sticky":false,"template":"","format":"standard","meta":{"om_disable_all_campaigns":false,"_monsterinsights_skip_tracking":false,"_monsterinsights_sitenote_active":false,"_monsterinsights_sitenote_note":"","_monsterinsights_sitenote_category":0,"footnotes":""},"categories":[30,35,36,48],"tags":[],"aioseo_notices":[],"_links":{"self":[{"href":"https:\/\/expressaoms.com.br\/index.php\/wp-json\/wp\/v2\/posts\/18640"}],"collection":[{"href":"https:\/\/expressaoms.com.br\/index.php\/wp-json\/wp\/v2\/posts"}],"about":[{"href":"https:\/\/expressaoms.com.br\/index.php\/wp-json\/wp\/v2\/types\/post"}],"author":[{"embeddable":true,"href":"https:\/\/expressaoms.com.br\/index.php\/wp-json\/wp\/v2\/users\/2"}],"replies":[{"embeddable":true,"href":"https:\/\/expressaoms.com.br\/index.php\/wp-json\/wp\/v2\/comments?post=18640"}],"version-history":[{"count":1,"href":"https:\/\/expressaoms.com.br\/index.php\/wp-json\/wp\/v2\/posts\/18640\/revisions"}],"predecessor-version":[{"id":18643,"href":"https:\/\/expressaoms.com.br\/index.php\/wp-json\/wp\/v2\/posts\/18640\/revisions\/18643"}],"wp:featuredmedia":[{"embeddable":true,"href":"https:\/\/expressaoms.com.br\/index.php\/wp-json\/wp\/v2\/media\/18642"}],"wp:attachment":[{"href":"https:\/\/expressaoms.com.br\/index.php\/wp-json\/wp\/v2\/media?parent=18640"}],"wp:term":[{"taxonomy":"category","embeddable":true,"href":"https:\/\/expressaoms.com.br\/index.php\/wp-json\/wp\/v2\/categories?post=18640"},{"taxonomy":"post_tag","embeddable":true,"href":"https:\/\/expressaoms.com.br\/index.php\/wp-json\/wp\/v2\/tags?post=18640"}],"curies":[{"name":"wp","href":"https:\/\/api.w.org\/{rel}","templated":true}]}}