{"id":19699,"date":"2023-06-13T09:55:44","date_gmt":"2023-06-13T12:55:44","guid":{"rendered":"https:\/\/expressaoms.com.br\/?p=19699"},"modified":"2023-06-13T09:55:44","modified_gmt":"2023-06-13T12:55:44","slug":"governo-lanca-na-quarta-feira-plano-estadual-de-controle-da-poluicao-e-de-desenvolvimento-tecnologico","status":"publish","type":"post","link":"https:\/\/expressaoms.com.br\/index.php\/2023\/06\/13\/governo-lanca-na-quarta-feira-plano-estadual-de-controle-da-poluicao-e-de-desenvolvimento-tecnologico\/","title":{"rendered":"Governo lan\u00e7a na quarta-feira Plano Estadual de Controle da Polui\u00e7\u00e3o e de Desenvolvimento Tecnol\u00f3gico"},"content":{"rendered":"<p>O Governo do Estado lan\u00e7a na quarta-feira (14) o Plano Estadual de Controle da Polui\u00e7\u00e3o e de Desenvolvimento Tecnol\u00f3gico. Entre os benef\u00edcios est\u00e3o a redu\u00e7\u00e3o do IPVA (Imposto sobre a Propriedade de Ve\u00edculos) para ve\u00edculos movidos por fontes alternativas de combust\u00edveis.<\/p>\n<p>No caso do GNV (G\u00e1s Natural Veicular) a isen\u00e7\u00e3o \u00e9 total. O plano ainda prev\u00ea redu\u00e7\u00e3o do ICMS (Imposto sobre Circula\u00e7\u00e3o de Mercadorias e Servi\u00e7os) de 17% para 12% no GNV para os revendedores e expans\u00e3o da rede de g\u00e1s veicular no Estado. O evento ser\u00e1 \u00e0s 9 horas, no audit\u00f3rio da governadoria.<\/p>\n<p>Outro benef\u00edcio previsto \u00e9 a suspens\u00e3o de cobran\u00e7a de taxas cobradas pelo Detran. A MSG\u00c1S conceder\u00e1 ainda um voucher (cr\u00e9dito) de R$ 1 mil em GNV, suficiente para rodar 3 mil quil\u00f4metros.<\/p>\n<p>Durante o lan\u00e7amento do plano ser\u00e1 assinado conv\u00eanio com a SED (Secretaria de Estado de Educa\u00e7\u00e3o) para utiliza\u00e7\u00e3o de g\u00e1s canalizado natural em escolas da rede estadual.<\/p>\n<p>Somente na expans\u00e3o das redes para g\u00e1s canalizado, ser\u00e3o investidos R$ 35 milh\u00f5es em 2023. Ser\u00e3o mais 34 quil\u00f4metros de redes e ramais de distribui\u00e7\u00e3o e mais de 3.500 liga\u00e7\u00f5es.<\/p>\n<p>Atualmente a MSG\u00c1S atende 14,5 mil unidades consumidoras nos segmentos termel\u00e9trico, industrial, veicular, comercial, residencial e cogera\u00e7\u00e3o. A meta do plano \u00e9 continuar a expans\u00e3o dentro da pol\u00edtica de consolida\u00e7\u00e3o da infraestrutura energ\u00e9tica definida pelo governador Eduardo Riedel para dar suporte ao crescimento econ\u00f4mico.<\/p>\n<p>Est\u00e3o previstas as participa\u00e7\u00f5es no evento dos secret\u00e1rios de Estado de Meio Ambiente, Desenvolvimento Econ\u00f4mico, Ci\u00eancia, Tecnologia e Inova\u00e7\u00e3o, Jaime Verruck; de Fazenda, Fl\u00e1vio C\u00e9sar; e do Governo e Gest\u00e3o Estrat\u00e9gica, Pedro Caravina.<\/p>\n","protected":false},"excerpt":{"rendered":"<p>O Governo do Estado lan\u00e7a na quarta-feira (14) o Plano Estadual de Controle da Polui\u00e7\u00e3o e de Desenvolvimento Tecnol\u00f3gico. Entre os benef\u00edcios est\u00e3o a redu\u00e7\u00e3o do IPVA (Imposto sobre a Propriedade de Ve\u00edculos) para ve\u00edculos movidos por fontes alternativas de combust\u00edveis. No caso do GNV (G\u00e1s Natural Veicular) a isen\u00e7\u00e3o \u00e9 total. O plano ainda [&hellip;]<\/p>\n","protected":false},"author":2,"featured_media":19700,"comment_status":"open","ping_status":"open","sticky":false,"template":"","format":"standard","meta":{"om_disable_all_campaigns":false,"_monsterinsights_skip_tracking":false,"_monsterinsights_sitenote_active":false,"_monsterinsights_sitenote_note":"","_monsterinsights_sitenote_category":0,"footnotes":""},"categories":[36,38],"tags":[],"aioseo_notices":[],"_links":{"self":[{"href":"https:\/\/expressaoms.com.br\/index.php\/wp-json\/wp\/v2\/posts\/19699"}],"collection":[{"href":"https:\/\/expressaoms.com.br\/index.php\/wp-json\/wp\/v2\/posts"}],"about":[{"href":"https:\/\/expressaoms.com.br\/index.php\/wp-json\/wp\/v2\/types\/post"}],"author":[{"embeddable":true,"href":"https:\/\/expressaoms.com.br\/index.php\/wp-json\/wp\/v2\/users\/2"}],"replies":[{"embeddable":true,"href":"https:\/\/expressaoms.com.br\/index.php\/wp-json\/wp\/v2\/comments?post=19699"}],"version-history":[{"count":1,"href":"https:\/\/expressaoms.com.br\/index.php\/wp-json\/wp\/v2\/posts\/19699\/revisions"}],"predecessor-version":[{"id":19701,"href":"https:\/\/expressaoms.com.br\/index.php\/wp-json\/wp\/v2\/posts\/19699\/revisions\/19701"}],"wp:featuredmedia":[{"embeddable":true,"href":"https:\/\/expressaoms.com.br\/index.php\/wp-json\/wp\/v2\/media\/19700"}],"wp:attachment":[{"href":"https:\/\/expressaoms.com.br\/index.php\/wp-json\/wp\/v2\/media?parent=19699"}],"wp:term":[{"taxonomy":"category","embeddable":true,"href":"https:\/\/expressaoms.com.br\/index.php\/wp-json\/wp\/v2\/categories?post=19699"},{"taxonomy":"post_tag","embeddable":true,"href":"https:\/\/expressaoms.com.br\/index.php\/wp-json\/wp\/v2\/tags?post=19699"}],"curies":[{"name":"wp","href":"https:\/\/api.w.org\/{rel}","templated":true}]}}