{"id":19705,"date":"2023-06-13T10:13:00","date_gmt":"2023-06-13T13:13:00","guid":{"rendered":"https:\/\/expressaoms.com.br\/?p=19705"},"modified":"2023-06-13T10:13:00","modified_gmt":"2023-06-13T13:13:00","slug":"acusado-de-violencia-domestica-homem-e-preso-em-tres-lagoas-apos-descumprir-medidas-protetivas","status":"publish","type":"post","link":"https:\/\/expressaoms.com.br\/index.php\/2023\/06\/13\/acusado-de-violencia-domestica-homem-e-preso-em-tres-lagoas-apos-descumprir-medidas-protetivas\/","title":{"rendered":"Acusado de viol\u00eancia dom\u00e9stica, homem \u00e9 preso em Tr\u00eas Lagoas ap\u00f3s descumprir medidas protetivas"},"content":{"rendered":"<p>Agentes da Se\u00e7\u00e3o de Investiga\u00e7\u00f5es Gerais prenderam um homem de 34 anos, no bairro Nossa Senhora Aparecida, em Tr\u00eas Lagoas nesta segunda-feira (13).<\/p>\n<p><img fetchpriority=\"high\" decoding=\"async\" class=\"aligncenter size-full wp-image-19680\" src=\"https:\/\/expressaoms.com.br\/wp-content\/uploads\/2023\/06\/Aniversario_Tres_Lagoas_Suzano_728x90.png\" alt=\"\" width=\"728\" height=\"90\" srcset=\"https:\/\/expressaoms.com.br\/wp-content\/uploads\/2023\/06\/Aniversario_Tres_Lagoas_Suzano_728x90.png 728w, https:\/\/expressaoms.com.br\/wp-content\/uploads\/2023\/06\/Aniversario_Tres_Lagoas_Suzano_728x90-600x74.png 600w, https:\/\/expressaoms.com.br\/wp-content\/uploads\/2023\/06\/Aniversario_Tres_Lagoas_Suzano_728x90-300x37.png 300w\" sizes=\"(max-width: 728px) 100vw, 728px\" \/><\/p>\n<p>Por conta do descumprimento de medidas protetivas, o suspeito tinha em aberto um mandado de pris\u00e3o, e diversos outros casos de viol\u00eancia registrados em boletins de ocorr\u00eancia. O Homem \u00e9 acusado de danificar, roubar bens e agredir fisicamente sua ex-companheira.<\/p>\n<p>A pris\u00e3o foi realizada no momento em que o acusado chegava em sua resid\u00eancia, e ap\u00f3s a voz de pris\u00e3o o homem foi encaminhado at\u00e9 a sede da SIG (Se\u00e7\u00e3o de Investiga\u00e7\u00f5es Gerais) onde o caso teve o devido prosseguimento devido ao mandado de pris\u00e3o.<\/p>\n<p>A pris\u00e3o preventiva do suspeito foi decretada pelo Ju\u00edzo da 1\u00aa Vara Criminal de Tr\u00eas Lagoas. O homem de 34 anos foi conduzido para o Depac (Delegacia de Pronto Atendimento Comunit\u00e1rio), antes de ser encaminhado \u00e0 Penitenci\u00e1ria.<\/p>\n","protected":false},"excerpt":{"rendered":"<p>Agentes da Se\u00e7\u00e3o de Investiga\u00e7\u00f5es Gerais prenderam um homem de 34 anos, no bairro Nossa Senhora Aparecida, em Tr\u00eas Lagoas nesta segunda-feira (13). Por conta do descumprimento de medidas protetivas, o suspeito tinha em aberto um mandado de pris\u00e3o, e diversos outros casos de viol\u00eancia registrados em boletins de ocorr\u00eancia. O Homem \u00e9 acusado de [&hellip;]<\/p>\n","protected":false},"author":2,"featured_media":19706,"comment_status":"open","ping_status":"open","sticky":false,"template":"","format":"standard","meta":{"om_disable_all_campaigns":false,"_monsterinsights_skip_tracking":false,"_monsterinsights_sitenote_active":false,"_monsterinsights_sitenote_note":"","_monsterinsights_sitenote_category":0,"footnotes":""},"categories":[30,41,48],"tags":[],"aioseo_notices":[],"_links":{"self":[{"href":"https:\/\/expressaoms.com.br\/index.php\/wp-json\/wp\/v2\/posts\/19705"}],"collection":[{"href":"https:\/\/expressaoms.com.br\/index.php\/wp-json\/wp\/v2\/posts"}],"about":[{"href":"https:\/\/expressaoms.com.br\/index.php\/wp-json\/wp\/v2\/types\/post"}],"author":[{"embeddable":true,"href":"https:\/\/expressaoms.com.br\/index.php\/wp-json\/wp\/v2\/users\/2"}],"replies":[{"embeddable":true,"href":"https:\/\/expressaoms.com.br\/index.php\/wp-json\/wp\/v2\/comments?post=19705"}],"version-history":[{"count":1,"href":"https:\/\/expressaoms.com.br\/index.php\/wp-json\/wp\/v2\/posts\/19705\/revisions"}],"predecessor-version":[{"id":19707,"href":"https:\/\/expressaoms.com.br\/index.php\/wp-json\/wp\/v2\/posts\/19705\/revisions\/19707"}],"wp:featuredmedia":[{"embeddable":true,"href":"https:\/\/expressaoms.com.br\/index.php\/wp-json\/wp\/v2\/media\/19706"}],"wp:attachment":[{"href":"https:\/\/expressaoms.com.br\/index.php\/wp-json\/wp\/v2\/media?parent=19705"}],"wp:term":[{"taxonomy":"category","embeddable":true,"href":"https:\/\/expressaoms.com.br\/index.php\/wp-json\/wp\/v2\/categories?post=19705"},{"taxonomy":"post_tag","embeddable":true,"href":"https:\/\/expressaoms.com.br\/index.php\/wp-json\/wp\/v2\/tags?post=19705"}],"curies":[{"name":"wp","href":"https:\/\/api.w.org\/{rel}","templated":true}]}}