{"id":19719,"date":"2023-06-14T13:46:32","date_gmt":"2023-06-14T16:46:32","guid":{"rendered":"https:\/\/expressaoms.com.br\/?p=19719"},"modified":"2023-06-14T13:46:32","modified_gmt":"2023-06-14T16:46:32","slug":"devido-a-chuva-e-ao-frio-4o-festival-de-bandas-e-fanfarras-sera-realizado-no-ginasio-cacilda-acre-rocha","status":"publish","type":"post","link":"https:\/\/expressaoms.com.br\/index.php\/2023\/06\/14\/devido-a-chuva-e-ao-frio-4o-festival-de-bandas-e-fanfarras-sera-realizado-no-ginasio-cacilda-acre-rocha\/","title":{"rendered":"Devido \u00e0 chuva e ao frio, 4\u00ba Festival de Bandas e Fanfarras ser\u00e1 realizado no Gin\u00e1sio \u201cCacilda Acre Rocha\u201d"},"content":{"rendered":"<p data-raofz=\"16\">O 4\u00ba Festival de Bandas e Fanfarras de Tr\u00eas Lagoas que seria realizado na Esplana NOB nesta quarta-feira (14 de junho) teve que ter o local alterado devido \u00e0 chuva persistente desde ontem (ter\u00e7a-feira \u2013 13 de junho) e ao frio que veio acompanhando. Com isso, o evento ser\u00e1 realizado no Gin\u00e1sio Municipal de Esportes Professora \u201cCacilda Acre Rocha\u201d.<\/p>\n<p data-raofz=\"16\">Mesmo com a mudan\u00e7a de local, o festival ter\u00e1 in\u00edcio \u00e0s 19h, sob a organiza\u00e7\u00e3o da Secretaria Municipal de Assist\u00eancia Social (SMAS) e apoio de diversas outras pastas das Administra\u00e7\u00e3o Municipal.<\/p>\n<p data-raofz=\"16\">Reunindo quase 650 m\u00fasicos das bandas de 10 cidades de Mato Grosso do Sul, mais as bandas anfitri\u00e3s, somando um total de 855 pessoas, o evento j\u00e1 se tornou tradicional e faz parte das festividades da Emancipa\u00e7\u00e3o Pol\u00edtica e Administrativa da Cidade, que completa 108 anos no dia 15 de junho.<\/p>\n<p data-raofz=\"16\"><strong>SERVI\u00c7O <\/strong><\/p>\n<p data-raofz=\"16\">O Gin\u00e1sio Municipal de Esportes Professora \u201cCacilda Acre Rocha\u201d fica localizado \u00e0 Avenida Clodoaldo Garcia com a Rua Maria Guilhermina Esteves no Bairro Santos Dumont.<\/p>\n<p data-raofz=\"16\"><strong>BANDAS PRESENTES<\/strong><\/p>\n<p data-raofz=\"16\"><strong>Anfitri\u00e3s<\/strong><\/p>\n<p data-raofz=\"16\">Banda Musical Cristo Redentor<br \/>\nBanda Musical XV de Junho<br \/>\nBanda Musical Jomap<\/p>\n<p data-raofz=\"16\">As tr\u00eas somam um tota de 205 integrantes<\/p>\n<p data-raofz=\"16\"><strong>Convidadas<\/strong><\/p>\n<p data-raofz=\"16\">Banda Marcial Manoel Bonif\u00e1cio, com 100 integrantes (Campo Grande);<br \/>\nBanda Municipal de Costa Rica, com 50 integrantes (Costa Rica);<br \/>\nBanda Marcial Get\u00falio Vargas, com 100 integrantes (Nova Andradina);<br \/>\nAssocia\u00e7\u00e3o da Guarda Mirim e Banda Cristo Rei, com 48 integrantes (\u00c1gua Clara);<br \/>\nBanda Marcial Municipal Santa Maria de Selv\u00edria, com, 25 integrantes (Selv\u00edria);<br \/>\nBanda Musical Municipal Professor Ezequiel Balbino, com 75 integrantes (Anauril\u00e2ndia);<br \/>\nBanda Municipal 30 de Setembro de Camapu\u00e3, com 60 integrantes (Camapu\u00e3);<br \/>\nBanda de M\u00fasica Municipal Professor Isaac Borges Capill\u00e9, com 90 integrantes (Ponta Por\u00e3);<br \/>\nBanda Marcial de Inoc\u00eancia, com 60 integrantes (Inoc\u00eancia);<br \/>\nBanda Musical de Para\u00edso das \u00e1guas, com 50 integrantes (Para\u00edso das \u00e1guas).<\/p>\n","protected":false},"excerpt":{"rendered":"<p>O 4\u00ba Festival de Bandas e Fanfarras de Tr\u00eas Lagoas que seria realizado na Esplana NOB nesta quarta-feira (14 de junho) teve que ter o local alterado devido \u00e0 chuva persistente desde ontem (ter\u00e7a-feira \u2013 13 de junho) e ao frio que veio acompanhando. Com isso, o evento ser\u00e1 realizado no Gin\u00e1sio Municipal de Esportes [&hellip;]<\/p>\n","protected":false},"author":2,"featured_media":19720,"comment_status":"open","ping_status":"open","sticky":false,"template":"","format":"standard","meta":{"om_disable_all_campaigns":false,"_monsterinsights_skip_tracking":false,"_monsterinsights_sitenote_active":false,"_monsterinsights_sitenote_note":"","_monsterinsights_sitenote_category":0,"footnotes":""},"categories":[30,35,36,48],"tags":[],"aioseo_notices":[],"_links":{"self":[{"href":"https:\/\/expressaoms.com.br\/index.php\/wp-json\/wp\/v2\/posts\/19719"}],"collection":[{"href":"https:\/\/expressaoms.com.br\/index.php\/wp-json\/wp\/v2\/posts"}],"about":[{"href":"https:\/\/expressaoms.com.br\/index.php\/wp-json\/wp\/v2\/types\/post"}],"author":[{"embeddable":true,"href":"https:\/\/expressaoms.com.br\/index.php\/wp-json\/wp\/v2\/users\/2"}],"replies":[{"embeddable":true,"href":"https:\/\/expressaoms.com.br\/index.php\/wp-json\/wp\/v2\/comments?post=19719"}],"version-history":[{"count":1,"href":"https:\/\/expressaoms.com.br\/index.php\/wp-json\/wp\/v2\/posts\/19719\/revisions"}],"predecessor-version":[{"id":19721,"href":"https:\/\/expressaoms.com.br\/index.php\/wp-json\/wp\/v2\/posts\/19719\/revisions\/19721"}],"wp:featuredmedia":[{"embeddable":true,"href":"https:\/\/expressaoms.com.br\/index.php\/wp-json\/wp\/v2\/media\/19720"}],"wp:attachment":[{"href":"https:\/\/expressaoms.com.br\/index.php\/wp-json\/wp\/v2\/media?parent=19719"}],"wp:term":[{"taxonomy":"category","embeddable":true,"href":"https:\/\/expressaoms.com.br\/index.php\/wp-json\/wp\/v2\/categories?post=19719"},{"taxonomy":"post_tag","embeddable":true,"href":"https:\/\/expressaoms.com.br\/index.php\/wp-json\/wp\/v2\/tags?post=19719"}],"curies":[{"name":"wp","href":"https:\/\/api.w.org\/{rel}","templated":true}]}}