{"id":19747,"date":"2023-06-14T10:44:53","date_gmt":"2023-06-14T13:44:53","guid":{"rendered":"https:\/\/expressaoms.com.br\/?p=19747"},"modified":"2023-06-14T16:45:26","modified_gmt":"2023-06-14T19:45:26","slug":"prefeitura-de-selviria-ira-zerar-lista-de-espera-por-cirurgia-de-catarata","status":"publish","type":"post","link":"https:\/\/expressaoms.com.br\/index.php\/2023\/06\/14\/prefeitura-de-selviria-ira-zerar-lista-de-espera-por-cirurgia-de-catarata\/","title":{"rendered":"Prefeitura de Selv\u00edria ir\u00e1 zerar lista de espera por cirurgia de catarata"},"content":{"rendered":"<p style=\"font-weight: 400;\">A Prefeitura de Selv\u00edria, por meio da Secretaria Municipal de Sa\u00fade, ir\u00e1 zerar a lista de espera por cirurgias de cataratas.<\/p>\n<p style=\"font-weight: 400;\">Nesta quarta-feira (14), no Centro de Especialidades M\u00e9dicas (CEM), 15 pacientes passaram pelo procedimento. Dentro de algumas semanas, a expectativa \u00e9 que todos que estejam na fila de cirurgia sejam contemplados. \u201cA determina\u00e7\u00e3o do prefeito Jos\u00e9 Fernando \u00e9 zerar essa fila o mais r\u00e1pido poss\u00edvel. E Vamos fazer isso. Uma parte foi feita hoje e o restante acontece em breve. Este mutir\u00e3o \u00e9 importante para que estas pessoas voltem a enxergar melhor e tenham mais qualidade de vida\u201d, disse o secret\u00e1rio municipal de Sa\u00fade Edgar Barbosa dos Santos, que esteve acompanhando os trabalhos ao lado do presidente da C\u00e2mara, vereador Luciano da Silva Geralde, e da diretora administrativa do CEM, Camila Dante da Silva.<\/p>\n<p style=\"font-weight: 400;\"><strong>Catarata <\/strong><\/p>\n<p style=\"font-weight: 400;\">A catarata acontece quando a lente natural do olho \u2013 chamada de Cristalino \u2013 fica opaca, fazendo com que a vis\u00e3o perca nitidez. A causa principal \u00e9 o envelhecimento natural do cristalino ao longo da vida.<\/p>\n<p style=\"font-weight: 400;\">Existe tamb\u00e9m a catarata cong\u00eanita, na qual o beb\u00ea j\u00e1 nasce com catarata (forma mais rara) e causas secund\u00e1rias como o uso cr\u00f4nico de corticoide, doen\u00e7as metab\u00f3licas e diabetes.<\/p>\n<p style=\"font-weight: 400;\">O tratamento da catarata \u00e9 cir\u00fargico, n\u00e3o havendo outro procedimento ou medicamento para reverter o quadro.<\/p>\n","protected":false},"excerpt":{"rendered":"<p>A Prefeitura de Selv\u00edria, por meio da Secretaria Municipal de Sa\u00fade, ir\u00e1 zerar a lista de espera por cirurgias de cataratas. Nesta quarta-feira (14), no Centro de Especialidades M\u00e9dicas (CEM), 15 pacientes passaram pelo procedimento. Dentro de algumas semanas, a expectativa \u00e9 que todos que estejam na fila de cirurgia sejam contemplados. \u201cA determina\u00e7\u00e3o do [&hellip;]<\/p>\n","protected":false},"author":2,"featured_media":19748,"comment_status":"open","ping_status":"open","sticky":false,"template":"","format":"standard","meta":{"om_disable_all_campaigns":false,"_monsterinsights_skip_tracking":false,"_monsterinsights_sitenote_active":false,"_monsterinsights_sitenote_note":"","_monsterinsights_sitenote_category":0,"footnotes":""},"categories":[193,45],"tags":[],"aioseo_notices":[],"_links":{"self":[{"href":"https:\/\/expressaoms.com.br\/index.php\/wp-json\/wp\/v2\/posts\/19747"}],"collection":[{"href":"https:\/\/expressaoms.com.br\/index.php\/wp-json\/wp\/v2\/posts"}],"about":[{"href":"https:\/\/expressaoms.com.br\/index.php\/wp-json\/wp\/v2\/types\/post"}],"author":[{"embeddable":true,"href":"https:\/\/expressaoms.com.br\/index.php\/wp-json\/wp\/v2\/users\/2"}],"replies":[{"embeddable":true,"href":"https:\/\/expressaoms.com.br\/index.php\/wp-json\/wp\/v2\/comments?post=19747"}],"version-history":[{"count":1,"href":"https:\/\/expressaoms.com.br\/index.php\/wp-json\/wp\/v2\/posts\/19747\/revisions"}],"predecessor-version":[{"id":19749,"href":"https:\/\/expressaoms.com.br\/index.php\/wp-json\/wp\/v2\/posts\/19747\/revisions\/19749"}],"wp:featuredmedia":[{"embeddable":true,"href":"https:\/\/expressaoms.com.br\/index.php\/wp-json\/wp\/v2\/media\/19748"}],"wp:attachment":[{"href":"https:\/\/expressaoms.com.br\/index.php\/wp-json\/wp\/v2\/media?parent=19747"}],"wp:term":[{"taxonomy":"category","embeddable":true,"href":"https:\/\/expressaoms.com.br\/index.php\/wp-json\/wp\/v2\/categories?post=19747"},{"taxonomy":"post_tag","embeddable":true,"href":"https:\/\/expressaoms.com.br\/index.php\/wp-json\/wp\/v2\/tags?post=19747"}],"curies":[{"name":"wp","href":"https:\/\/api.w.org\/{rel}","templated":true}]}}