{"id":19766,"date":"2023-06-16T09:49:29","date_gmt":"2023-06-16T12:49:29","guid":{"rendered":"https:\/\/expressaoms.com.br\/?p=19766"},"modified":"2023-06-16T09:51:14","modified_gmt":"2023-06-16T12:51:14","slug":"chuva-fraca-e-formacao-de-neblinas-sao-esperadas-para-esta-sexta-feira-em-ms","status":"publish","type":"post","link":"https:\/\/expressaoms.com.br\/index.php\/2023\/06\/16\/chuva-fraca-e-formacao-de-neblinas-sao-esperadas-para-esta-sexta-feira-em-ms\/","title":{"rendered":"Chuva fraca e forma\u00e7\u00e3o de neblinas s\u00e3o esperadas para esta sexta-feira em MS"},"content":{"rendered":"<p>A previs\u00e3o do Cemtec (Centro de Monitoramento do Tempo e do Clima) para esta sexta-feira (16) \u00e9 de muitas nuvens e chuva fraca nas regi\u00f5es norte e nordeste de Mato Grosso do Sul. Na parte central do Estado h\u00e1 pequena probabilidade de chuva.<\/p>\n<p>Devido \u00e0s condi\u00e7\u00f5es meteorol\u00f3gicas, como as baixas temperaturas e alta umidade relativa do ar, \u00e9 esperada a forma\u00e7\u00e3o de nevoeiros e neblinas.<\/p>\n<p>Na regi\u00e3o central, em Campo Grande, a m\u00ednima ser\u00e1 de 8\u00b0C. Em Dourados, a temperatura ser\u00e1 de 7\u00b0C no amanhecer e a m\u00e1xima nessas cidades atinge 16\u00b0C. No sul, em Ponta Por\u00e3, o dia come\u00e7a com 6\u00b0C, Iguatemi com 8\u00b0C e alcan\u00e7a os 16\u00b0C durante a tarde. Em Tr\u00eas Lagoas, no Bols\u00e3o, os term\u00f4metros variam entre 9\u00b0C e 17\u00b0C.<\/p>\n<p>No Pantanal, a m\u00ednima em Aquidauana ser\u00e1 de 6\u00b0C e a m\u00e1xima de 19\u00b0C. Na regi\u00e3o sudoeste, Porto Murtinho amanhece com temperatura de 6\u00b0C e atinge 19\u00b0C ao longo do dia. No norte, a previs\u00e3o \u00e9 de que a temperatura j\u00e1 comece a se elevar gradativamente. Em Coxim, a temperatura varia entre 11\u00b0C e 23\u00b0C; e em Camapu\u00e3, entre 9\u00b0C e 20\u00b0C.<\/p>\n<p><img fetchpriority=\"high\" decoding=\"async\" class=\"alignnone size-full wp-image-19767\" src=\"https:\/\/expressaoms.com.br\/wp-content\/uploads\/2023\/06\/mapatempo16.jpg\" alt=\"\" width=\"1020\" height=\"709\" srcset=\"https:\/\/expressaoms.com.br\/wp-content\/uploads\/2023\/06\/mapatempo16.jpg 1020w, https:\/\/expressaoms.com.br\/wp-content\/uploads\/2023\/06\/mapatempo16-600x417.jpg 600w, https:\/\/expressaoms.com.br\/wp-content\/uploads\/2023\/06\/mapatempo16-300x209.jpg 300w, https:\/\/expressaoms.com.br\/wp-content\/uploads\/2023\/06\/mapatempo16-768x534.jpg 768w\" sizes=\"(max-width: 1020px) 100vw, 1020px\" \/><\/p>\n","protected":false},"excerpt":{"rendered":"<p>A previs\u00e3o do Cemtec (Centro de Monitoramento do Tempo e do Clima) para esta sexta-feira (16) \u00e9 de muitas nuvens e chuva fraca nas regi\u00f5es norte e nordeste de Mato Grosso do Sul. Na parte central do Estado h\u00e1 pequena probabilidade de chuva. Devido \u00e0s condi\u00e7\u00f5es meteorol\u00f3gicas, como as baixas temperaturas e alta umidade relativa [&hellip;]<\/p>\n","protected":false},"author":3,"featured_media":19768,"comment_status":"open","ping_status":"open","sticky":false,"template":"","format":"standard","meta":{"om_disable_all_campaigns":false,"_monsterinsights_skip_tracking":false,"_monsterinsights_sitenote_active":false,"_monsterinsights_sitenote_note":"","_monsterinsights_sitenote_category":0,"footnotes":""},"categories":[30,36,266,47],"tags":[],"aioseo_notices":[],"_links":{"self":[{"href":"https:\/\/expressaoms.com.br\/index.php\/wp-json\/wp\/v2\/posts\/19766"}],"collection":[{"href":"https:\/\/expressaoms.com.br\/index.php\/wp-json\/wp\/v2\/posts"}],"about":[{"href":"https:\/\/expressaoms.com.br\/index.php\/wp-json\/wp\/v2\/types\/post"}],"author":[{"embeddable":true,"href":"https:\/\/expressaoms.com.br\/index.php\/wp-json\/wp\/v2\/users\/3"}],"replies":[{"embeddable":true,"href":"https:\/\/expressaoms.com.br\/index.php\/wp-json\/wp\/v2\/comments?post=19766"}],"version-history":[{"count":1,"href":"https:\/\/expressaoms.com.br\/index.php\/wp-json\/wp\/v2\/posts\/19766\/revisions"}],"predecessor-version":[{"id":19769,"href":"https:\/\/expressaoms.com.br\/index.php\/wp-json\/wp\/v2\/posts\/19766\/revisions\/19769"}],"wp:featuredmedia":[{"embeddable":true,"href":"https:\/\/expressaoms.com.br\/index.php\/wp-json\/wp\/v2\/media\/19768"}],"wp:attachment":[{"href":"https:\/\/expressaoms.com.br\/index.php\/wp-json\/wp\/v2\/media?parent=19766"}],"wp:term":[{"taxonomy":"category","embeddable":true,"href":"https:\/\/expressaoms.com.br\/index.php\/wp-json\/wp\/v2\/categories?post=19766"},{"taxonomy":"post_tag","embeddable":true,"href":"https:\/\/expressaoms.com.br\/index.php\/wp-json\/wp\/v2\/tags?post=19766"}],"curies":[{"name":"wp","href":"https:\/\/api.w.org\/{rel}","templated":true}]}}