{"id":1979,"date":"2021-11-03T11:36:40","date_gmt":"2021-11-03T14:36:40","guid":{"rendered":"https:\/\/expressaoms.com.br\/?p=1979"},"modified":"2021-11-04T12:13:46","modified_gmt":"2021-11-04T15:13:46","slug":"castramovel-vai-atender-caes-e-gatos-na-usf-vila-haro-a-partir-desta-segunda-feira-08","status":"publish","type":"post","link":"https:\/\/expressaoms.com.br\/index.php\/2021\/11\/03\/castramovel-vai-atender-caes-e-gatos-na-usf-vila-haro-a-partir-desta-segunda-feira-08\/","title":{"rendered":"Castram\u00f3vel vai atender c\u00e3es e gatos na USF Vila Haro a partir desta segunda-feira (08)"},"content":{"rendered":"<p>O Castram\u00f3vel, da Secretaria Municipal de Sa\u00fade (SMS), operado pelo Centro de Controle de Zoonoses (CCZ) inicia na segunda-feira (08) a castra\u00e7\u00e3o de c\u00e3es e gatos machos acima de 6 meses de idade e outros servi\u00e7os na USF Vila Haro, em Tr\u00eas Lagoas. Essa \u00e9 a 38\u00aa etapa do servi\u00e7o que ficar\u00e1 instalado no local at\u00e9 o dia 10 de dezembro.<\/p>\n<p><img fetchpriority=\"high\" decoding=\"async\" class=\"size-full wp-image-2024 aligncenter\" src=\"https:\/\/expressaoms.com.br\/wp-content\/uploads\/2021\/10\/banner_web_portal_jurisdicionado_tce_728x90-1.gif\" alt=\"\" width=\"728\" height=\"90\" \/><\/p>\n<p>Al\u00e9m da castra\u00e7\u00e3o, o Castram\u00f3vel oferece vacina antirr\u00e1bica, verm\u00edfugo, orienta\u00e7\u00e3o de posse respons\u00e1vel, preven\u00e7\u00e3o de acidente com animais pe\u00e7onhentos, profilaxia de leishmaniose.<\/p>\n<p>O atendimento \u00e9 das 7h30 \u00e0s 12h30 e o propriet\u00e1rio do animal deve fazer o agendamento no pr\u00f3prio local onde a Unidade M\u00f3vel est\u00e1 instalada.<\/p>\n<p>A USF Vila Haro fica localizada \u00e0 Avenida Rafael de Haro, 2.385 &#8211; Vila Haro. Mais informa\u00e7\u00f5es pelo telefone (67) 3929-1803.<\/p>\n","protected":false},"excerpt":{"rendered":"<p>O Castram\u00f3vel, da Secretaria Municipal de Sa\u00fade (SMS), operado pelo Centro de Controle de Zoonoses (CCZ) inicia na segunda-feira (08) a castra\u00e7\u00e3o de c\u00e3es e gatos machos acima de 6 meses de idade e outros servi\u00e7os na USF Vila Haro, em Tr\u00eas Lagoas. Essa \u00e9 a 38\u00aa etapa do servi\u00e7o que ficar\u00e1 instalado no local [&hellip;]<\/p>\n","protected":false},"author":3,"featured_media":1980,"comment_status":"open","ping_status":"open","sticky":false,"template":"","format":"standard","meta":{"om_disable_all_campaigns":false,"_monsterinsights_skip_tracking":false,"_monsterinsights_sitenote_active":false,"_monsterinsights_sitenote_note":"","_monsterinsights_sitenote_category":0,"footnotes":""},"categories":[36,48],"tags":[],"aioseo_notices":[],"_links":{"self":[{"href":"https:\/\/expressaoms.com.br\/index.php\/wp-json\/wp\/v2\/posts\/1979"}],"collection":[{"href":"https:\/\/expressaoms.com.br\/index.php\/wp-json\/wp\/v2\/posts"}],"about":[{"href":"https:\/\/expressaoms.com.br\/index.php\/wp-json\/wp\/v2\/types\/post"}],"author":[{"embeddable":true,"href":"https:\/\/expressaoms.com.br\/index.php\/wp-json\/wp\/v2\/users\/3"}],"replies":[{"embeddable":true,"href":"https:\/\/expressaoms.com.br\/index.php\/wp-json\/wp\/v2\/comments?post=1979"}],"version-history":[{"count":2,"href":"https:\/\/expressaoms.com.br\/index.php\/wp-json\/wp\/v2\/posts\/1979\/revisions"}],"predecessor-version":[{"id":2033,"href":"https:\/\/expressaoms.com.br\/index.php\/wp-json\/wp\/v2\/posts\/1979\/revisions\/2033"}],"wp:featuredmedia":[{"embeddable":true,"href":"https:\/\/expressaoms.com.br\/index.php\/wp-json\/wp\/v2\/media\/1980"}],"wp:attachment":[{"href":"https:\/\/expressaoms.com.br\/index.php\/wp-json\/wp\/v2\/media?parent=1979"}],"wp:term":[{"taxonomy":"category","embeddable":true,"href":"https:\/\/expressaoms.com.br\/index.php\/wp-json\/wp\/v2\/categories?post=1979"},{"taxonomy":"post_tag","embeddable":true,"href":"https:\/\/expressaoms.com.br\/index.php\/wp-json\/wp\/v2\/tags?post=1979"}],"curies":[{"name":"wp","href":"https:\/\/api.w.org\/{rel}","templated":true}]}}