{"id":19830,"date":"2023-06-19T13:00:50","date_gmt":"2023-06-19T16:00:50","guid":{"rendered":"https:\/\/expressaoms.com.br\/?p=19830"},"modified":"2023-06-19T13:00:50","modified_gmt":"2023-06-19T16:00:50","slug":"ex-aluno-invade-escola-e-mata-estudante-no-parana","status":"publish","type":"post","link":"https:\/\/expressaoms.com.br\/index.php\/2023\/06\/19\/ex-aluno-invade-escola-e-mata-estudante-no-parana\/","title":{"rendered":"Ex-aluno invade escola e mata estudante no Paran\u00e1"},"content":{"rendered":"<p>Um ataque a tiros no Col\u00e9gio Estadual Professora Helena Kolody, em Camb\u00e9, no norte do Paran\u00e1, deixou uma aluna de 16 anos morta e outro estudante com a mesma idade ferido na manh\u00e3 desta segunda-feira (19).<\/p>\n<p>De acordo com ao Governo do Paran\u00e1 e a PM (Pol\u00edcia Militar), o autor do ataque \u00e9 um ex-aluno de 21 anos. Ele foi detido e encaminhado para Londrina (PR), cidade vizinha a Camb\u00e9.<\/p>\n<p>Ainda n\u00e3o h\u00e1 informa\u00e7\u00f5es sobre a motiva\u00e7\u00e3o do ataque. O Samu (Servi\u00e7o M\u00f3vel de Atendimento de Urg\u00eancia) e os bombeiros foram acionados.<\/p>\n<p>De acordo com a Seed (Secretaria de Estado da Educa\u00e7\u00e3o), a escola tem 632 alunos matriculados, dos ensinos Fundamental e M\u00e9dio.<\/p>\n<p>Em nota, o Governo do Paran\u00e1 afirma que o atirador entrou na escola alegando que solicitaria o seu hist\u00f3rico escolar. O governador Carlos Massa Ratinho Junior (PSD) decretou luto oficial de tr\u00eas dias e lamentou o epis\u00f3dio.<\/p>\n<p>Em entrevista \u00e0 r\u00e1dio CBN, a professora Nara Cordeiro relatou como foi a correria para sair da escola. &#8220;Est\u00e1vamos come\u00e7ando a segunda aula, fazendo chamada, quando ouvimos o barulho dos disparos achando que era bombinha, brincadeira de crian\u00e7a. Os alunos ficaram sem saber o que estava acontecendo, mas, pela movimenta\u00e7\u00e3o, come\u00e7aram a correr, porque parece que estava vindo algu\u00e9m atirando&#8221;, disse.<\/p>\n<p>Segundo a professora, rapidamente as ruas da escola foram tomadas pelos estudantes que deixaram a unidade \u00e0s pressas. &#8220;O que eu vi foi um desespero muito grande, alunos saindo pelos arredores da escola desesperados. E eu n\u00e3o sabia o que fazer, se eu voltava para ajudar os alunos que estavam l\u00e1 [dentro da escola] ou se eu ajudava os meus alunos que estavam aqui.&#8221;<\/p>\n<p>Nas redes sociais, pol\u00edticos do Paran\u00e1 se manifestaram sobre o epis\u00f3dio. &#8220;A viol\u00eancia do brutal ataque em uma escola estadual em Camb\u00e9 causa indigna\u00e7\u00e3o e pesar. O assassino foi preso, ser\u00e1 julgado e condenado pelo crime b\u00e1rbaro que cometeu. Como governador e pai a minha solidariedade aos familiares nesse momento de dor t\u00e3o profunda. Paran\u00e1 est\u00e1 em luto&#8221;, disse o governador Ratinho Junior (PSD).<\/p>\n<p>Os senadores Sergio Moro (Uni\u00e3o Brasil-PR) e Fl\u00e1vio Arns (PSB-PR) tamb\u00e9m lamentaram o ataque. &#8220;Meu profundo pesar \u00e0s fam\u00edlias, alunos e funcion\u00e1rios. V\u00edtimas devem ser lembradas, agressores punidos e esquecidos. Ainda est\u00e3o sendo apuradas todas as informa\u00e7\u00f5es sobre o ocorrido, mas deixo aqui minha solidariedade, neste momento de dor&#8221;, escreveu Moro.<\/p>\n<p>&#8220;Quando uma escola \u00e9 atacada, todos n\u00f3s sofremos. Depois do que vivemos no in\u00edcio deste ano e das medidas que foram anunciadas, isso n\u00e3o deveria se repetir. \u00c9 preciso agir com rigor e atuar de forma mais efetiva na preven\u00e7\u00e3o e prote\u00e7\u00e3o das nossas escolas. Minha total solidariedade \u00e0s fam\u00edlias das v\u00edtimas e \u00e0 comunidade escolar. Contem com meu apoio irrestrito&#8221;, escreveu Arns.<\/p>\n<p>&nbsp;<\/p>\n<pre>Fonte: FolhaPress<\/pre>\n","protected":false},"excerpt":{"rendered":"<p>Um ataque a tiros no Col\u00e9gio Estadual Professora Helena Kolody, em Camb\u00e9, no norte do Paran\u00e1, deixou uma aluna de 16 anos morta e outro estudante com a mesma idade ferido na manh\u00e3 desta segunda-feira (19). De acordo com ao Governo do Paran\u00e1 e a PM (Pol\u00edcia Militar), o autor do ataque \u00e9 um ex-aluno [&hellip;]<\/p>\n","protected":false},"author":3,"featured_media":19831,"comment_status":"open","ping_status":"open","sticky":false,"template":"","format":"standard","meta":{"om_disable_all_campaigns":false,"_monsterinsights_skip_tracking":false,"_monsterinsights_sitenote_active":false,"_monsterinsights_sitenote_note":"","_monsterinsights_sitenote_category":0,"footnotes":""},"categories":[246],"tags":[],"aioseo_notices":[],"_links":{"self":[{"href":"https:\/\/expressaoms.com.br\/index.php\/wp-json\/wp\/v2\/posts\/19830"}],"collection":[{"href":"https:\/\/expressaoms.com.br\/index.php\/wp-json\/wp\/v2\/posts"}],"about":[{"href":"https:\/\/expressaoms.com.br\/index.php\/wp-json\/wp\/v2\/types\/post"}],"author":[{"embeddable":true,"href":"https:\/\/expressaoms.com.br\/index.php\/wp-json\/wp\/v2\/users\/3"}],"replies":[{"embeddable":true,"href":"https:\/\/expressaoms.com.br\/index.php\/wp-json\/wp\/v2\/comments?post=19830"}],"version-history":[{"count":1,"href":"https:\/\/expressaoms.com.br\/index.php\/wp-json\/wp\/v2\/posts\/19830\/revisions"}],"predecessor-version":[{"id":19832,"href":"https:\/\/expressaoms.com.br\/index.php\/wp-json\/wp\/v2\/posts\/19830\/revisions\/19832"}],"wp:featuredmedia":[{"embeddable":true,"href":"https:\/\/expressaoms.com.br\/index.php\/wp-json\/wp\/v2\/media\/19831"}],"wp:attachment":[{"href":"https:\/\/expressaoms.com.br\/index.php\/wp-json\/wp\/v2\/media?parent=19830"}],"wp:term":[{"taxonomy":"category","embeddable":true,"href":"https:\/\/expressaoms.com.br\/index.php\/wp-json\/wp\/v2\/categories?post=19830"},{"taxonomy":"post_tag","embeddable":true,"href":"https:\/\/expressaoms.com.br\/index.php\/wp-json\/wp\/v2\/tags?post=19830"}],"curies":[{"name":"wp","href":"https:\/\/api.w.org\/{rel}","templated":true}]}}