{"id":19844,"date":"2023-06-19T15:20:39","date_gmt":"2023-06-19T18:20:39","guid":{"rendered":"https:\/\/expressaoms.com.br\/?p=19844"},"modified":"2023-06-19T15:23:05","modified_gmt":"2023-06-19T18:23:05","slug":"https-expressaoms-com-br-index-php-2023-06-19-semana-comeca-com-tempo-estavel-mas-nova-frente-fria-deve-provocar-chuvas-em-ms","status":"publish","type":"post","link":"https:\/\/expressaoms.com.br\/index.php\/2023\/06\/19\/https-expressaoms-com-br-index-php-2023-06-19-semana-comeca-com-tempo-estavel-mas-nova-frente-fria-deve-provocar-chuvas-em-ms\/","title":{"rendered":"Inverno come\u00e7a na quarta e nova frente fria deve provocar chuvas em MS"},"content":{"rendered":"<p>A semana come\u00e7a com previs\u00e3o de tempo est\u00e1vel, entre segunda-feira (19) e quarta-feira (21), em Mato Grosso do Sul. As temperaturas estar\u00e3o em eleva\u00e7\u00e3o, podendo atingir 31\u00b0C de acordo com o Cemtec\/MS (Centro de Monitoramento do Tempo e do Clima). Ao amanhecer as temperaturas seguem amenas, com aumento gradativo ao longo do dia. Devido as condi\u00e7\u00f5es meteorol\u00f3gicas s\u00e3o esperadas forma\u00e7\u00f5es de nevoeiros e neblinas.<\/p>\n<p>Est\u00e3o previstas temperaturas m\u00ednimas entre 8\u00b0C e 13\u00b0C e as m\u00e1ximas podem atingir valores de 26\u00b0C para regi\u00f5es Sul e Leste do Estado. Para as regi\u00f5es Norte e Oeste, espera-se m\u00ednimas entre 10\u00b0C e 14\u00b0C e m\u00e1ximas de at\u00e9 31\u00b0C. Em Campo Grande m\u00ednimas entre 10\u00b0C e 15\u00b0C e m\u00e1xima de at\u00e9 28\u00b0C. Os ventos sobram de leste nordeste com velocidade entre 30 e 50 km\/h e localmente podem atingir valores acima de 50 km\/h.<\/p>\n<h2>Inverno<\/h2>\n<p>A esta\u00e7\u00e3o que come\u00e7a nesta quarta-feira chega com mudan\u00e7as no tempo, principalmente a partir da quarta-feira a noite, com a aproxima\u00e7\u00e3o de uma frente fria aliada a um intenso fluxo de umidade a atua\u00e7\u00e3o de um sistema de baixa press\u00e3o atmosf\u00e9rica. Estes sistemas devem favorecer o aumento de nebulosidade e chuvas com destaque regi\u00f5es Sul e Sudoeste do Estado.<\/p>\n<p>Apesar da previs\u00e3o de chuva, as temperaturas m\u00ednimas nas regi\u00f5es Sul e Leste devem ficar entre 17\u00b0C e 18\u00b0C e as m\u00e1ximas podem atingir 25\u00b0C. Para as regi\u00f5es Norte e Oeste espera-se m\u00ednimas entre 18\u00b0C e 22\u00b0C e m\u00e1xima de at\u00e9 31\u00b0C. Em Campo Grande a m\u00ednima deve ficar em 18\u00b0C e a m\u00e1xima 27\u00b0C.<\/p>\n","protected":false},"excerpt":{"rendered":"<p>A semana come\u00e7a com previs\u00e3o de tempo est\u00e1vel, entre segunda-feira (19) e quarta-feira (21), em Mato Grosso do Sul. As temperaturas estar\u00e3o em eleva\u00e7\u00e3o, podendo atingir 31\u00b0C de acordo com o Cemtec\/MS (Centro de Monitoramento do Tempo e do Clima). Ao amanhecer as temperaturas seguem amenas, com aumento gradativo ao longo do dia. Devido as [&hellip;]<\/p>\n","protected":false},"author":3,"featured_media":18156,"comment_status":"open","ping_status":"open","sticky":false,"template":"","format":"standard","meta":{"om_disable_all_campaigns":false,"_monsterinsights_skip_tracking":false,"_monsterinsights_sitenote_active":false,"_monsterinsights_sitenote_note":"","_monsterinsights_sitenote_category":0,"footnotes":""},"categories":[266,47],"tags":[],"aioseo_notices":[],"_links":{"self":[{"href":"https:\/\/expressaoms.com.br\/index.php\/wp-json\/wp\/v2\/posts\/19844"}],"collection":[{"href":"https:\/\/expressaoms.com.br\/index.php\/wp-json\/wp\/v2\/posts"}],"about":[{"href":"https:\/\/expressaoms.com.br\/index.php\/wp-json\/wp\/v2\/types\/post"}],"author":[{"embeddable":true,"href":"https:\/\/expressaoms.com.br\/index.php\/wp-json\/wp\/v2\/users\/3"}],"replies":[{"embeddable":true,"href":"https:\/\/expressaoms.com.br\/index.php\/wp-json\/wp\/v2\/comments?post=19844"}],"version-history":[{"count":2,"href":"https:\/\/expressaoms.com.br\/index.php\/wp-json\/wp\/v2\/posts\/19844\/revisions"}],"predecessor-version":[{"id":19846,"href":"https:\/\/expressaoms.com.br\/index.php\/wp-json\/wp\/v2\/posts\/19844\/revisions\/19846"}],"wp:featuredmedia":[{"embeddable":true,"href":"https:\/\/expressaoms.com.br\/index.php\/wp-json\/wp\/v2\/media\/18156"}],"wp:attachment":[{"href":"https:\/\/expressaoms.com.br\/index.php\/wp-json\/wp\/v2\/media?parent=19844"}],"wp:term":[{"taxonomy":"category","embeddable":true,"href":"https:\/\/expressaoms.com.br\/index.php\/wp-json\/wp\/v2\/categories?post=19844"},{"taxonomy":"post_tag","embeddable":true,"href":"https:\/\/expressaoms.com.br\/index.php\/wp-json\/wp\/v2\/tags?post=19844"}],"curies":[{"name":"wp","href":"https:\/\/api.w.org\/{rel}","templated":true}]}}