{"id":19889,"date":"2023-06-20T07:39:05","date_gmt":"2023-06-20T10:39:05","guid":{"rendered":"https:\/\/expressaoms.com.br\/?p=19889"},"modified":"2023-06-20T12:41:19","modified_gmt":"2023-06-20T15:41:19","slug":"ms-renovavel-governo-fomenta-a-criacao-de-polo-de-producao-de-hidrogenio-verde-em-ms","status":"publish","type":"post","link":"https:\/\/expressaoms.com.br\/index.php\/2023\/06\/20\/ms-renovavel-governo-fomenta-a-criacao-de-polo-de-producao-de-hidrogenio-verde-em-ms\/","title":{"rendered":"MS Renov\u00e1vel: Governo fomenta a cria\u00e7\u00e3o de polo de produ\u00e7\u00e3o de Hidrog\u00eanio Verde em MS"},"content":{"rendered":"<p>De olho na meta de tornar Mato Grosso do Sul um territ\u00f3rio internacionalmente reconhecido como Carbono Neutro at\u00e9 2030 e nas oportunidades do mercado europeu e japon\u00eas com a crescente demanda por energia limpa e renov\u00e1vel, o Governo do Estado, por meio da Semadesc (Secretaria de Meio Ambiente, Desenvolvimento, Ci\u00eancia, Tecnologia e Inova\u00e7\u00e3o), j\u00e1 atua para fomentar a cria\u00e7\u00e3o de um polo de produ\u00e7\u00e3o de Hidrog\u00eanio Verde.<\/p>\n<p>\u201cN\u00f3s j\u00e1 temos estabelecida uma pol\u00edtica de fomento \u00e0 produ\u00e7\u00e3o de energia limpa e renov\u00e1vel em Mato Grosso do Sul, que \u00e9 o nosso programa MSRenov\u00e1vel, parte integrante do MS Carbono Neutro em 2030. Agora, estamos de olho na produ\u00e7\u00e3o de Hidrog\u00eanio Verde, conhecendo as experi\u00eancias j\u00e1 existentes no Pa\u00eds e nas oportunidades emergentes de mercados importantes como Europa e o Jap\u00e3o\u201d, comenta o secret\u00e1rio Jaime Verruck, da Semadesc.<\/p>\n<p>A pauta sobre o Hidrog\u00eanio Verde foi debatida em reuni\u00e3o da coalis\u00e3o de Estados integrantes do Cons\u00f3rcio Brasil Verde, no qual Mato Grosso do Sul \u00e9 representado pela Semadesc. \u201c\u00c9 a utiliza\u00e7\u00e3o de energia limpa e renov\u00e1vel que caracteriza a produ\u00e7\u00e3o do Hidrog\u00eanio como Verde, ou n\u00e3o. E, em Mato Grosso do Sul, n\u00f3s estamos incentivando, por meio do MS Renov\u00e1vel, esse tipo de matriz energ\u00e9tica, que cresce em nosso Estado com a produ\u00e7\u00e3o de energia el\u00e9trica a partir da biomassa da cana e do setor florestal, al\u00e9m da expans\u00e3o do uso da energia solar fotovoltaica\u201d, informa Jaime Verruck.<\/p>\n<p>Na reuni\u00e3o do Cons\u00f3rcio Brasil Verde foram apresentadas as oportunidades do mercado internacional para os pa\u00edses que investirem na produ\u00e7\u00e3o de Hidrog\u00eanio Verde. No encontro virtual, a organiza\u00e7\u00e3o R20, fundada em 2011 pelo ex-governador da California Arnold Shwarzenegger e a ONU, informou que a Europa tem uma meta ousada de substitui\u00e7\u00e3o da frota de ve\u00edculos que usam combust\u00edveis f\u00f3sseis para o Hidrog\u00eanio Verde, at\u00e9 2030. A expectativa \u00e9 de que, em menos de uma d\u00e9cada, os pa\u00edses daquele continente importem 50% do total da demanda por esse tipo de combust\u00edvel.<\/p>\n<p>\u201cMato Grosso do Sul j\u00e1 tem iniciativas de produ\u00e7\u00e3o de Hidrog\u00eanio Verde. O ISI Biomassa, do Senai em Tr\u00eas Lagoas, adquiriu recentemente uma planta industrial laborat\u00f3rio para a realiza\u00e7\u00e3o de pesquisas para produ\u00e7\u00e3o desse combust\u00edvel no Estado. A partir de 2024, a Suzano vai utilizar Hidrog\u00eanio Verde em seus ve\u00edculos, que ser\u00e1 produzido internamente a partir da energia de biomassa da f\u00e1brica de Ribas do Rio Pardo. \u00c9 um investimento de R$ 400 milh\u00f5es\u201d, lembrou Jaime Verruck.<\/p>\n<p>Al\u00e9m disso, a Semadesc tamb\u00e9m deve lan\u00e7ar um Edital de Inova\u00e7\u00e3o \u2013 Chamada Hidrog\u00eanio Verde, no valor total de R$ 8 milh\u00f5es, a maior parte de investimento do Governo do Estado, para projetos de inova\u00e7\u00e3o e produ\u00e7\u00e3o de Hidrog\u00eanio Verde. \u201cEnt\u00e3o Mato Grosso do Sul j\u00e1 conta com uma pol\u00edtica estabelecida, por meio do MS Renov\u00e1vel, e j\u00e1 vai se posicionar nacionalmente, de olho nas oportunidades que est\u00e3o surgindo\u201d, finalizou o titular da Semadesc.<\/p>\n","protected":false},"excerpt":{"rendered":"<p>De olho na meta de tornar Mato Grosso do Sul um territ\u00f3rio internacionalmente reconhecido como Carbono Neutro at\u00e9 2030 e nas oportunidades do mercado europeu e japon\u00eas com a crescente demanda por energia limpa e renov\u00e1vel, o Governo do Estado, por meio da Semadesc (Secretaria de Meio Ambiente, Desenvolvimento, Ci\u00eancia, Tecnologia e Inova\u00e7\u00e3o), j\u00e1 atua [&hellip;]<\/p>\n","protected":false},"author":3,"featured_media":19890,"comment_status":"open","ping_status":"open","sticky":false,"template":"","format":"standard","meta":{"om_disable_all_campaigns":false,"_monsterinsights_skip_tracking":false,"_monsterinsights_sitenote_active":false,"_monsterinsights_sitenote_note":"","_monsterinsights_sitenote_category":0,"footnotes":""},"categories":[31,266,38],"tags":[],"aioseo_notices":[],"_links":{"self":[{"href":"https:\/\/expressaoms.com.br\/index.php\/wp-json\/wp\/v2\/posts\/19889"}],"collection":[{"href":"https:\/\/expressaoms.com.br\/index.php\/wp-json\/wp\/v2\/posts"}],"about":[{"href":"https:\/\/expressaoms.com.br\/index.php\/wp-json\/wp\/v2\/types\/post"}],"author":[{"embeddable":true,"href":"https:\/\/expressaoms.com.br\/index.php\/wp-json\/wp\/v2\/users\/3"}],"replies":[{"embeddable":true,"href":"https:\/\/expressaoms.com.br\/index.php\/wp-json\/wp\/v2\/comments?post=19889"}],"version-history":[{"count":1,"href":"https:\/\/expressaoms.com.br\/index.php\/wp-json\/wp\/v2\/posts\/19889\/revisions"}],"predecessor-version":[{"id":19891,"href":"https:\/\/expressaoms.com.br\/index.php\/wp-json\/wp\/v2\/posts\/19889\/revisions\/19891"}],"wp:featuredmedia":[{"embeddable":true,"href":"https:\/\/expressaoms.com.br\/index.php\/wp-json\/wp\/v2\/media\/19890"}],"wp:attachment":[{"href":"https:\/\/expressaoms.com.br\/index.php\/wp-json\/wp\/v2\/media?parent=19889"}],"wp:term":[{"taxonomy":"category","embeddable":true,"href":"https:\/\/expressaoms.com.br\/index.php\/wp-json\/wp\/v2\/categories?post=19889"},{"taxonomy":"post_tag","embeddable":true,"href":"https:\/\/expressaoms.com.br\/index.php\/wp-json\/wp\/v2\/tags?post=19889"}],"curies":[{"name":"wp","href":"https:\/\/api.w.org\/{rel}","templated":true}]}}