{"id":20055,"date":"2023-06-26T18:01:02","date_gmt":"2023-06-26T21:01:02","guid":{"rendered":"https:\/\/expressaoms.com.br\/?p=20055"},"modified":"2023-06-26T18:01:02","modified_gmt":"2023-06-26T21:01:02","slug":"tres-lagoas-recebe-curso-de-formacao-continuada-para-liderancas-comunitarias-a-partir-desta-terca-feira","status":"publish","type":"post","link":"https:\/\/expressaoms.com.br\/index.php\/2023\/06\/26\/tres-lagoas-recebe-curso-de-formacao-continuada-para-liderancas-comunitarias-a-partir-desta-terca-feira\/","title":{"rendered":"Tr\u00eas Lagoas recebe curso de forma\u00e7\u00e3o continuada para lideran\u00e7as comunit\u00e1rias a partir desta ter\u00e7a-feira"},"content":{"rendered":"<p>A Subsecretaria de Assuntos Comunit\u00e1rios, pasta vinculada \u00e0 Setescc (Secretaria de Estado de Turismo, Esporte, Cultura e Cidadania), vai a Tr\u00eas Lagoas nesta semana para fortalecer lideran\u00e7as comunit\u00e1rias e levar cidadania.<\/p>\n<p>De ter\u00e7a-feira (27) at\u00e9 s\u00e1bado (1\u00ba), a programa\u00e7\u00e3o inclui curso de forma\u00e7\u00e3o continuada de lideran\u00e7as comunit\u00e1rias para subsidiar movimentos sociais e sociedade civil organizada a entenderem melhor o papel do l\u00edder social.<\/p>\n<p>As palestras v\u00e3o trabalhar desde a legisla\u00e7\u00e3o at\u00e9 a forma de enxergar os problemas sociais de forma construtiva, buscando alternativas atrav\u00e9s do di\u00e1logo e do respeito aos direitos humanos e a cidadania.<\/p>\n<p>\u201cO curso de forma\u00e7\u00e3o de l\u00edderes comunit\u00e1rios foi pensado para ser efetivamente pr\u00e1tico, tendo como principal objetivo orientar os l\u00edderes, especialmente aqueles que t\u00eam, ou que desejam ter experi\u00eancia com comunidades\u201d, explica o subsecret\u00e1rio de Estado de Assuntos Comunit\u00e1rios, Jairo Luiz da Silva.<\/p>\n<h2>Programa\u00e7\u00e3o:<\/h2>\n<p><strong>27\/06 &#8211; Ter\u00e7a-feira<\/strong><\/p>\n<p>19h \u2013 Abertura com a palestra \u201cOs novos desafios para os movimentos comunit\u00e1rios\u201d, palestrante: Jairo Luiz da Silva.<\/p>\n<p>Local: C\u00e2mara Municipal de Tr\u00eas Lagoas \u2013 Rua Sun\u00e3o Miura, 71 \u2013 Santos Dumont \u2013 Tr\u00eas Lagoas.<\/p>\n<p><strong>28\/06 &#8211; Quarta-feira<\/strong><\/p>\n<p>18h30 \u2013 Palestra: \u201cRegulariza\u00e7\u00e3o das entidades sob a perspectiva de gest\u00e3o sustent\u00e1vel das entidades comunit\u00e1rias\u201d, com Reinaldo Pereira dos Santos \u2013 diretor de Finan\u00e7as e Controle da Prefeitura Municipal de Tr\u00eas Lagoas.<\/p>\n<p>20h \u2013 Palestra: \u201cIntrodu\u00e7\u00e3o ao aprendizado de Educa\u00e7\u00e3o Previdenci\u00e1ria\u201d, com a representante do INSS, Lana Amaral Nunes Goulart.<\/p>\n<p>Local: Centro Cultural Irene Marques Alexandria \u2013 Rua Alexandre Costa, 130 \u2013 Centro.<\/p>\n<p><strong>29\/06 &#8211; Quinta-feira<\/strong><\/p>\n<p>18h30 \u2013 Palestra: \u201cNo\u00e7\u00f5es b\u00e1sicas de Economia Criativa\u201d, com D\u00e9cio Coutinho \u2013 superintendente de Economia Criativa de Mato Grosso do Sul.<\/p>\n<p>20h \u2013 Palestra \u201cPol\u00edticas p\u00fablicas e luta antidiscrimina\u00e7\u00e3o racial\u201d, com V\u00e2nia Lucia Duarte \u2013 subsecret\u00e1ria de Pol\u00edticas P\u00fablicas da Igualdade Racial de Mato Grosso do Sul.<\/p>\n<p>Local: Centro Cultural Irene Marques Alexandria \u2013 Rua Alexandre Costa, 130 \u2013 Centro.<\/p>\n<p><strong>30\/06 &#8211; Sexta-feira<\/strong><\/p>\n<p>18h30 \u2013 Palestra \u201cEstrat\u00e9gia de Marketing para atua\u00e7\u00e3o das entidades comunit\u00e1rias \u2013 uso das novas tecnologias e novas m\u00eddias, com Melissa Henrique de Souza.<\/p>\n<p>19h15 \u2013 Palestra \u201cO uso e monitoramento das redes sociais em \u00f3rg\u00e3os p\u00fablicos: os caminhos e as consequ\u00eancias da desinforma\u00e7\u00e3o com o uso abusivo das redes sociais e estrat\u00e9gia de posicionamento na atual comunica\u00e7\u00e3o\u201d, com Luisa Mas Cardoso Franco Oliveira.<\/p>\n<p>20h \u2013 Palestra \u201cA experi\u00eancia dos conselhos comunit\u00e1rios de Seguran\u00e7a P\u00fablica no Mato Grosso do Sul\u201d \u2013 Carlos de Santana Carneiro, coronel da Pol\u00edcia Militar.<\/p>\n<p>21h \u2013 Palestra \u201cServi\u00e7os que a 10\u00aa Regional da Defensoria P\u00fablica \u2013 Tr\u00eas Lagoas oferece \u00e0 comunidade\u201d, Bruno Henrique Gobbo Gutierrez \u2013 coordenador da 10\u00aa Regional da Defensoria P\u00fablica Tr\u00eas Lagoas e Defensor P\u00fablico da Inf\u00e2ncia e Juventude.<\/p>\n<p>Local: Centro Cultural Irene Marques Alexandria \u2013 Rua Alexandre Costa, 130 \u2013 Centro.<\/p>\n<p><strong>1\u00ba\/07 \u2013 S\u00e1bado<\/strong><\/p>\n<p>Perifeirarte \u2013 Gastronomia, m\u00fasica, artesanato e apresenta\u00e7\u00f5es art\u00edsticas<\/p>\n<p>8h30 \u2013 Feira Central de Tr\u00eas Lagoas \u2013 Avenida Ros\u00e1rio Congro.<\/p>\n","protected":false},"excerpt":{"rendered":"<p>A Subsecretaria de Assuntos Comunit\u00e1rios, pasta vinculada \u00e0 Setescc (Secretaria de Estado de Turismo, Esporte, Cultura e Cidadania), vai a Tr\u00eas Lagoas nesta semana para fortalecer lideran\u00e7as comunit\u00e1rias e levar cidadania. De ter\u00e7a-feira (27) at\u00e9 s\u00e1bado (1\u00ba), a programa\u00e7\u00e3o inclui curso de forma\u00e7\u00e3o continuada de lideran\u00e7as comunit\u00e1rias para subsidiar movimentos sociais e sociedade civil organizada [&hellip;]<\/p>\n","protected":false},"author":3,"featured_media":20056,"comment_status":"open","ping_status":"open","sticky":false,"template":"","format":"standard","meta":{"om_disable_all_campaigns":false,"_monsterinsights_skip_tracking":false,"_monsterinsights_sitenote_active":false,"_monsterinsights_sitenote_note":"","_monsterinsights_sitenote_category":0,"footnotes":""},"categories":[30,35,36,48],"tags":[],"aioseo_notices":[],"_links":{"self":[{"href":"https:\/\/expressaoms.com.br\/index.php\/wp-json\/wp\/v2\/posts\/20055"}],"collection":[{"href":"https:\/\/expressaoms.com.br\/index.php\/wp-json\/wp\/v2\/posts"}],"about":[{"href":"https:\/\/expressaoms.com.br\/index.php\/wp-json\/wp\/v2\/types\/post"}],"author":[{"embeddable":true,"href":"https:\/\/expressaoms.com.br\/index.php\/wp-json\/wp\/v2\/users\/3"}],"replies":[{"embeddable":true,"href":"https:\/\/expressaoms.com.br\/index.php\/wp-json\/wp\/v2\/comments?post=20055"}],"version-history":[{"count":1,"href":"https:\/\/expressaoms.com.br\/index.php\/wp-json\/wp\/v2\/posts\/20055\/revisions"}],"predecessor-version":[{"id":20057,"href":"https:\/\/expressaoms.com.br\/index.php\/wp-json\/wp\/v2\/posts\/20055\/revisions\/20057"}],"wp:featuredmedia":[{"embeddable":true,"href":"https:\/\/expressaoms.com.br\/index.php\/wp-json\/wp\/v2\/media\/20056"}],"wp:attachment":[{"href":"https:\/\/expressaoms.com.br\/index.php\/wp-json\/wp\/v2\/media?parent=20055"}],"wp:term":[{"taxonomy":"category","embeddable":true,"href":"https:\/\/expressaoms.com.br\/index.php\/wp-json\/wp\/v2\/categories?post=20055"},{"taxonomy":"post_tag","embeddable":true,"href":"https:\/\/expressaoms.com.br\/index.php\/wp-json\/wp\/v2\/tags?post=20055"}],"curies":[{"name":"wp","href":"https:\/\/api.w.org\/{rel}","templated":true}]}}