{"id":20628,"date":"2023-07-21T08:52:45","date_gmt":"2023-07-21T11:52:45","guid":{"rendered":"https:\/\/expressaoms.com.br\/?p=20628"},"modified":"2023-07-21T08:52:45","modified_gmt":"2023-07-21T11:52:45","slug":"procon-ms-reforca-alerta-sobre-mensagens-falsas-de-notificacao-a-empresas","status":"publish","type":"post","link":"https:\/\/expressaoms.com.br\/index.php\/2023\/07\/21\/procon-ms-reforca-alerta-sobre-mensagens-falsas-de-notificacao-a-empresas\/","title":{"rendered":"Procon\/MS refor\u00e7a alerta sobre mensagens falsas de notifica\u00e7\u00e3o a empresas"},"content":{"rendered":"<p>Empresas t\u00eam recebido falsas notifica\u00e7\u00f5es atribu\u00eddas ao Procon\/MS (Secretaria-Executiva de Orienta\u00e7\u00e3o e Defesa do Consumidor), institui\u00e7\u00e3o vinculada \u00e0 Sead (Secretaria de Estado de Assist\u00eancia Social e dos Direitos Humanos). Refor\u00e7a-se a orienta\u00e7\u00e3o de checar a origem da mensagem e denunciar o caso pelos canais de atendimento oficiais.<\/p>\n<p>Den\u00fancias relatam que a notifica\u00e7\u00e3o informa abertura de reclama\u00e7\u00e3o de um consumidor, com um link para visualizar detalhes do processo. O conte\u00fado, no entanto, \u00e9 malicioso.<\/p>\n<p>H\u00e1 orienta\u00e7\u00e3o para que as mensagens enviadas por e-mail ou WhatsApp n\u00e3o sejam abertas, uma vez que as verdadeiras reclama\u00e7\u00f5es s\u00e3o oriundas dos canais oficiais e institucionais do Procon\/MS. Os e-mails, nesse caso, s\u00e3o vinculados ao dom\u00ednio \u201c@procon.ms.gov.br\u201d.<\/p>\n<p>Salienta-se que esse golpe tem sido aplicado em \u00e2mbito nacional envolvendo outros Procons, sendo necess\u00e1rio redobrar a aten\u00e7\u00e3o e denunciar o recebimento deste tipo de mensagem para <a href=\"mailto:cartorio@procon.ms.gov.br\">cartorio@procon.ms.gov.br<\/a>. No caso de d\u00favidas, est\u00e1 dispon\u00edvel o telefone (67) 3316-9800.<\/p>\n","protected":false},"excerpt":{"rendered":"<p>Empresas t\u00eam recebido falsas notifica\u00e7\u00f5es atribu\u00eddas ao Procon\/MS (Secretaria-Executiva de Orienta\u00e7\u00e3o e Defesa do Consumidor), institui\u00e7\u00e3o vinculada \u00e0 Sead (Secretaria de Estado de Assist\u00eancia Social e dos Direitos Humanos). Refor\u00e7a-se a orienta\u00e7\u00e3o de checar a origem da mensagem e denunciar o caso pelos canais de atendimento oficiais. Den\u00fancias relatam que a notifica\u00e7\u00e3o informa abertura de [&hellip;]<\/p>\n","protected":false},"author":2,"featured_media":20629,"comment_status":"open","ping_status":"open","sticky":false,"template":"","format":"standard","meta":{"om_disable_all_campaigns":false,"_monsterinsights_skip_tracking":false,"_monsterinsights_sitenote_active":false,"_monsterinsights_sitenote_note":"","_monsterinsights_sitenote_category":0,"footnotes":""},"categories":[322,36],"tags":[],"aioseo_notices":[],"_links":{"self":[{"href":"https:\/\/expressaoms.com.br\/index.php\/wp-json\/wp\/v2\/posts\/20628"}],"collection":[{"href":"https:\/\/expressaoms.com.br\/index.php\/wp-json\/wp\/v2\/posts"}],"about":[{"href":"https:\/\/expressaoms.com.br\/index.php\/wp-json\/wp\/v2\/types\/post"}],"author":[{"embeddable":true,"href":"https:\/\/expressaoms.com.br\/index.php\/wp-json\/wp\/v2\/users\/2"}],"replies":[{"embeddable":true,"href":"https:\/\/expressaoms.com.br\/index.php\/wp-json\/wp\/v2\/comments?post=20628"}],"version-history":[{"count":1,"href":"https:\/\/expressaoms.com.br\/index.php\/wp-json\/wp\/v2\/posts\/20628\/revisions"}],"predecessor-version":[{"id":20630,"href":"https:\/\/expressaoms.com.br\/index.php\/wp-json\/wp\/v2\/posts\/20628\/revisions\/20630"}],"wp:featuredmedia":[{"embeddable":true,"href":"https:\/\/expressaoms.com.br\/index.php\/wp-json\/wp\/v2\/media\/20629"}],"wp:attachment":[{"href":"https:\/\/expressaoms.com.br\/index.php\/wp-json\/wp\/v2\/media?parent=20628"}],"wp:term":[{"taxonomy":"category","embeddable":true,"href":"https:\/\/expressaoms.com.br\/index.php\/wp-json\/wp\/v2\/categories?post=20628"},{"taxonomy":"post_tag","embeddable":true,"href":"https:\/\/expressaoms.com.br\/index.php\/wp-json\/wp\/v2\/tags?post=20628"}],"curies":[{"name":"wp","href":"https:\/\/api.w.org\/{rel}","templated":true}]}}