{"id":20846,"date":"2023-07-28T14:13:30","date_gmt":"2023-07-28T17:13:30","guid":{"rendered":"https:\/\/expressaoms.com.br\/?p=20846"},"modified":"2023-07-28T14:13:30","modified_gmt":"2023-07-28T17:13:30","slug":"tardezinha-balneario-projeto-nossa-vibe-e-atracao-deste-domingo-30","status":"publish","type":"post","link":"https:\/\/expressaoms.com.br\/index.php\/2023\/07\/28\/tardezinha-balneario-projeto-nossa-vibe-e-atracao-deste-domingo-30\/","title":{"rendered":"TARDEZINHA BALNE\u00c1RIO \u2013 \u201cProjeto Nossa Vibe\u201d \u00e9 atra\u00e7\u00e3o deste domingo (30)"},"content":{"rendered":"<p data-raofz=\"16\">Neste domingo (30 de julho), acontece a segunda edi\u00e7\u00e3o do \u201cTardezinha no Balne\u00e1rio\u201d, evento gratuito promovido pela Prefeitura de Tr\u00eas Lagoas, por meio da Secretaria Municipal de Desenvolvimento Econ\u00f4mico, Ci\u00eancia, Tecnologia e Turismo (SEDECT), em parceria com a Secretaria Municipal de Educa\u00e7\u00e3o e Cultura (SEMEC), no Balne\u00e1rio Municipal \u201cMiguel Jorge Tabox\u201d, a partir do 12h.<\/p>\n<p data-raofz=\"16\">A atra\u00e7\u00e3o desta semana ser\u00e1 o \u201cProjeto Nossa Vibe\u201d e, tocando muito samba e pagode, a partir das 15h, antes disso o DJ garante a anima\u00e7\u00e3o de quem quer se divertir, curtir e aproveitar o doming\u00e3o \u00e0 beira do Rio Sucuri\u00fa.<\/p>\n<p data-raofz=\"16\">Al\u00e9m de muita m\u00fasica, o Tardezinha conta tamb\u00e9m com pra\u00e7a de alimenta\u00e7\u00e3o, com os seguintes food trucks: Leo Espetos com espetinho, cerveja e pastel; Krokitos com por\u00e7\u00f5es e chopp; Tonh\u00e3o Karnelokeria com lanches de carne \u201cloka\u201d, lingui\u00e7a e hamburguer; Bentinho Churros com churros, batata frita e sorvete e, tamb\u00e9m, o Fusca A\u00e7a\u00ed.<\/p>\n<p data-raofz=\"16\"><strong>IMPORTANTE<\/strong><\/p>\n<p data-raofz=\"16\">O Balne\u00e1rio estar\u00e1 aberto a partir das 8h, por seguran\u00e7a, n\u00e3o \u00e9 permitida a entrada no recinto com objetos de metal perfurante e vidro. \u00c9 permitido levar bebidas e alimentos pr\u00f3prios, desde que acondicionados em latas e\/ou pl\u00e1stico.<\/p>\n<p data-raofz=\"16\">Os quiosques do local s\u00f3 podem ser usados mediante agendamento pelo 67 99153-1229 e pagamento da taxa de R$ 40 e o uso da mariana (embarque e desembarque) com retirada de ticket na portaria ao valor de R$ 10 por embarca\u00e7\u00e3o. Por\u00e9m, o restante dos locais do recinto \u00e9 de uso livre e comum.<\/p>\n<p data-raofz=\"16\"><strong>SERVI\u00c7O<\/strong><\/p>\n<p data-raofz=\"16\"><em>Tardezinha no Balne\u00e1rio<\/em><\/p>\n<p data-raofz=\"16\">Data: Dia 30 (domingo)<\/p>\n<p data-raofz=\"16\">Hor\u00e1rio: A partir das 12h<\/p>\n<p data-raofz=\"16\">Local: Balne\u00e1rio Municipal \u201cMiguel Jorge Tabox<\/p>\n<p data-raofz=\"16\">Endere\u00e7o: Avenida Jamil Jorge Salom\u00e3o<\/p>\n","protected":false},"excerpt":{"rendered":"<p>Neste domingo (30 de julho), acontece a segunda edi\u00e7\u00e3o do \u201cTardezinha no Balne\u00e1rio\u201d, evento gratuito promovido pela Prefeitura de Tr\u00eas Lagoas, por meio da Secretaria Municipal de Desenvolvimento Econ\u00f4mico, Ci\u00eancia, Tecnologia e Turismo (SEDECT), em parceria com a Secretaria Municipal de Educa\u00e7\u00e3o e Cultura (SEMEC), no Balne\u00e1rio Municipal \u201cMiguel Jorge Tabox\u201d, a partir do 12h. [&hellip;]<\/p>\n","protected":false},"author":2,"featured_media":20847,"comment_status":"open","ping_status":"open","sticky":false,"template":"","format":"standard","meta":{"om_disable_all_campaigns":false,"_monsterinsights_skip_tracking":false,"_monsterinsights_sitenote_active":false,"_monsterinsights_sitenote_note":"","_monsterinsights_sitenote_category":0,"footnotes":""},"categories":[35,36,48],"tags":[],"aioseo_notices":[],"_links":{"self":[{"href":"https:\/\/expressaoms.com.br\/index.php\/wp-json\/wp\/v2\/posts\/20846"}],"collection":[{"href":"https:\/\/expressaoms.com.br\/index.php\/wp-json\/wp\/v2\/posts"}],"about":[{"href":"https:\/\/expressaoms.com.br\/index.php\/wp-json\/wp\/v2\/types\/post"}],"author":[{"embeddable":true,"href":"https:\/\/expressaoms.com.br\/index.php\/wp-json\/wp\/v2\/users\/2"}],"replies":[{"embeddable":true,"href":"https:\/\/expressaoms.com.br\/index.php\/wp-json\/wp\/v2\/comments?post=20846"}],"version-history":[{"count":1,"href":"https:\/\/expressaoms.com.br\/index.php\/wp-json\/wp\/v2\/posts\/20846\/revisions"}],"predecessor-version":[{"id":20848,"href":"https:\/\/expressaoms.com.br\/index.php\/wp-json\/wp\/v2\/posts\/20846\/revisions\/20848"}],"wp:featuredmedia":[{"embeddable":true,"href":"https:\/\/expressaoms.com.br\/index.php\/wp-json\/wp\/v2\/media\/20847"}],"wp:attachment":[{"href":"https:\/\/expressaoms.com.br\/index.php\/wp-json\/wp\/v2\/media?parent=20846"}],"wp:term":[{"taxonomy":"category","embeddable":true,"href":"https:\/\/expressaoms.com.br\/index.php\/wp-json\/wp\/v2\/categories?post=20846"},{"taxonomy":"post_tag","embeddable":true,"href":"https:\/\/expressaoms.com.br\/index.php\/wp-json\/wp\/v2\/tags?post=20846"}],"curies":[{"name":"wp","href":"https:\/\/api.w.org\/{rel}","templated":true}]}}