{"id":20933,"date":"2023-08-02T09:43:38","date_gmt":"2023-08-02T12:43:38","guid":{"rendered":"https:\/\/expressaoms.com.br\/?p=20933"},"modified":"2023-08-02T09:43:38","modified_gmt":"2023-08-02T12:43:38","slug":"violencia-contra-a-mulher-ignorar-faz-de-voce-cumplice-desse-crime","status":"publish","type":"post","link":"https:\/\/expressaoms.com.br\/index.php\/2023\/08\/02\/violencia-contra-a-mulher-ignorar-faz-de-voce-cumplice-desse-crime\/","title":{"rendered":"Viol\u00eancia contra a mulher: ignorar faz de voc\u00ea c\u00famplice desse crime"},"content":{"rendered":"<p><em>&#8220;A cumplicidade \u00e9 quando voc\u00ea percebe uma viol\u00eancia e vira as costas ou acha que aquilo \u00e9 normal, e isso vale para todo mundo, n\u00e3o \u00e9 s\u00f3 para pol\u00edcia, para o Estado. O enfrentamento n\u00e3o \u00e9 apenas uma quest\u00e3o da seguran\u00e7a, das secretarias, dos \u00f3rg\u00e3os seja judici\u00e1rio, legislativo ou executivo. Ignorar faz de voc\u00ea c\u00famplice quando n\u00f3s, como pessoa f\u00edsica, cidad\u00e3os, olhamos para o que est\u00e1 acontecendo de errado e de alguma forma normatizamos&#8221;.<\/em><\/p>\n<p>A fala da secret\u00e1ria-adjunta de Turismo, Esporte, Cultura e Cidadania, Viviane Luiza explica o slogan da campanha do Agosto Lil\u00e1s deste ano, &#8220;Viol\u00eancia contra a mulher: ignorar faz de voc\u00ea c\u00famplice desse crime&#8221;, que foi pensado para chamar a aten\u00e7\u00e3o, e dar a mensagem de que o enfrentamento \u00e0 viol\u00eancia \u00e9 um dever de todos.<\/p>\n<p>Durante todo o m\u00eas de agosto, a\u00e7\u00f5es de conscientiza\u00e7\u00e3o, lan\u00e7amento de programas e debates v\u00e3o trazer \u00e0 tona a reflex\u00e3o, al\u00e9m de comemorar os 17 anos da Lei Maria da Penha. A abertura da programa\u00e7\u00e3o do Agosto Lil\u00e1s, realizada nesta ter\u00e7a-feira (1), trouxe \u00e0 Acadepol, no Parque dos Poderes, gestoras municipais de todo o Estado com o objetivo de fortalecer a troca de experi\u00eancias, al\u00e9m de reunir autoridades, representantes de movimentos e sociedade civil.<\/p>\n<figure id=\"attachment_444891\" class=\"wp-caption alignnone\" aria-describedby=\"caption-attachment-444891\"><a href=\"https:\/\/agenciadenoticias.ms.gov.br\/wp-content\/uploads\/2023\/08\/Agosto-lilas-evento-4.jpg\"><img fetchpriority=\"high\" decoding=\"async\" class=\"wp-image-444891 size-large\" src=\"https:\/\/agenciadenoticias.ms.gov.br\/wp-content\/uploads\/2023\/08\/Agosto-lilas-evento-4-1024x768.jpg\" sizes=\"(max-width: 1024px) 100vw, 1024px\" srcset=\"https:\/\/agenciadenoticias.ms.gov.br\/wp-content\/uploads\/2023\/08\/Agosto-lilas-evento-4-1024x768.jpg 1024w, https:\/\/agenciadenoticias.ms.gov.br\/wp-content\/uploads\/2023\/08\/Agosto-lilas-evento-4-300x225.jpg 300w, https:\/\/agenciadenoticias.ms.gov.br\/wp-content\/uploads\/2023\/08\/Agosto-lilas-evento-4-768x576.jpg 768w, https:\/\/agenciadenoticias.ms.gov.br\/wp-content\/uploads\/2023\/08\/Agosto-lilas-evento-4-320x240.jpg 320w, https:\/\/agenciadenoticias.ms.gov.br\/wp-content\/uploads\/2023\/08\/Agosto-lilas-evento-4.jpg 1280w\" alt=\"\" width=\"1024\" height=\"768\" \/><\/a><figcaption id=\"caption-attachment-444891\" class=\"wp-caption-text\"><em>Abertura do Agosto Lil\u00e1s sensibilizou e levou p\u00fablico \u00e0 reflex\u00e3o<\/em><\/figcaption><\/figure>\n<p>Anfitri\u00e3 do evento, a subsecret\u00e1ria de Pol\u00edticas P\u00fablicas para Mulheres, Cristiane Sant\u2019Anna Oliveira ressalta que o Agosto Lil\u00e1s vem discutir o enfrentamento da viol\u00eancia contra a mulher n\u00e3o s\u00f3 com as mulheres, mas tamb\u00e9m os homens, e iniciar o trabalho dentro do poder p\u00fablico.<\/p>\n<p>\u201cN\u00e3o \u00e9 a primeira vez que temos a campanha do Agosto Lil\u00e1s, mas esta n\u00e3o pode ser mais uma campanha s\u00f3, ela tem que ser muito maior, tem que ter a participa\u00e7\u00e3o das institui\u00e7\u00f5es, da rede, da sociedade civil, das mulheres dos movimentos populares que pensam e sofrem no dia a dia com os altos \u00edndices de viol\u00eancia ainda\u201d, clama Cristiane.<\/p>\n<figure id=\"attachment_444892\" class=\"wp-caption alignnone\" aria-describedby=\"caption-attachment-444892\"><a href=\"https:\/\/agenciadenoticias.ms.gov.br\/wp-content\/uploads\/2023\/08\/Agosto-lilas-evento-5.jpg\"><img decoding=\"async\" class=\"wp-image-444892 size-large\" src=\"https:\/\/agenciadenoticias.ms.gov.br\/wp-content\/uploads\/2023\/08\/Agosto-lilas-evento-5-1024x768.jpg\" sizes=\"(max-width: 1024px) 100vw, 1024px\" srcset=\"https:\/\/agenciadenoticias.ms.gov.br\/wp-content\/uploads\/2023\/08\/Agosto-lilas-evento-5-1024x768.jpg 1024w, https:\/\/agenciadenoticias.ms.gov.br\/wp-content\/uploads\/2023\/08\/Agosto-lilas-evento-5-300x225.jpg 300w, https:\/\/agenciadenoticias.ms.gov.br\/wp-content\/uploads\/2023\/08\/Agosto-lilas-evento-5-768x576.jpg 768w, https:\/\/agenciadenoticias.ms.gov.br\/wp-content\/uploads\/2023\/08\/Agosto-lilas-evento-5-320x240.jpg 320w, https:\/\/agenciadenoticias.ms.gov.br\/wp-content\/uploads\/2023\/08\/Agosto-lilas-evento-5.jpg 1280w\" alt=\"\" width=\"1024\" height=\"768\" \/><\/a><figcaption id=\"caption-attachment-444892\" class=\"wp-caption-text\"><em>Para subsecret\u00e1ria de Pol\u00edticas P\u00fablicas para Mulheres, Agosto Lil\u00e1s marca campanha que empodera mulheres<\/em><\/figcaption><\/figure>\n<p><strong>Quem s\u00e3o os c\u00famplices da viol\u00eancia contra a mulher?<\/strong><\/p>\n<p>&#8220;Quem \u00e9 esse c\u00famplice? Eu penso que qualquer pessoa que ouve, que v\u00ea e n\u00e3o se pronuncia. Esse slogan me fez refletir sobre quantas vezes isso n\u00e3o acontece no nosso cotidiano, quantas vezes a gente fica sabendo de um caso e pensa que a gente n\u00e3o pode contribuir de outra forma, mas a gente tem: a informa\u00e7\u00e3o \u00e9 a primeira forma&#8221;, reflete a coordenadora-adjunta do Ceam (Centro Especializado de Atendimento \u00e0 Mulher em Situa\u00e7\u00e3o de Viol\u00eancia), a assistente social Edna Bordon Lopes.<\/p>\n<p>Trabalhando com mulheres que tiveram, al\u00e9m da coragem, o acolhimento no primeiro momento da den\u00fancia, Edna levanta um ponto importante. &#8220;Muitas vezes, na hora da den\u00fancia, essa mulher n\u00e3o \u00e9 ouvida por uma pessoa que tem empatia, por uma pessoa que conseguiu se desconstruir e ouvir a hist\u00f3ria. Ent\u00e3o, ali ela j\u00e1 desiste, e at\u00e9 retorna a conviver com o agressor&#8221;, avalia.<\/p>\n<figure id=\"attachment_444893\" class=\"wp-caption alignnone\" aria-describedby=\"caption-attachment-444893\"><a href=\"https:\/\/agenciadenoticias.ms.gov.br\/wp-content\/uploads\/2023\/08\/Agosto-lilas-evento-1.jpg\"><img decoding=\"async\" class=\"wp-image-444893 size-full\" src=\"https:\/\/agenciadenoticias.ms.gov.br\/wp-content\/uploads\/2023\/08\/Agosto-lilas-evento-1.jpg\" sizes=\"(max-width: 1024px) 100vw, 1024px\" srcset=\"https:\/\/agenciadenoticias.ms.gov.br\/wp-content\/uploads\/2023\/08\/Agosto-lilas-evento-1.jpg 1024w, https:\/\/agenciadenoticias.ms.gov.br\/wp-content\/uploads\/2023\/08\/Agosto-lilas-evento-1-300x225.jpg 300w, https:\/\/agenciadenoticias.ms.gov.br\/wp-content\/uploads\/2023\/08\/Agosto-lilas-evento-1-768x576.jpg 768w, https:\/\/agenciadenoticias.ms.gov.br\/wp-content\/uploads\/2023\/08\/Agosto-lilas-evento-1-320x240.jpg 320w\" alt=\"\" width=\"1024\" height=\"768\" \/><\/a><figcaption id=\"caption-attachment-444893\" class=\"wp-caption-text\"><em>Representando o governador, a primeira-dama M\u00f4nica Riedel participou do evento<\/em><\/figcaption><\/figure>\n<p>Atrizes Giovanna Zottino e Kiohara Swaab, que apresentaram a encena\u00e7\u00e3o &#8220;Vozes&#8221;, espet\u00e1culo premiado sobre viol\u00eancia contra a mulher, buscam na \u00faltima fala da cena compartilhar quem vem a ser o c\u00famplice deste crime.<\/p>\n<p>&#8220;A \u00faltima fala \u00e9 &#8216;o seu sil\u00eancio tamb\u00e9m \u00e9 o culpado&#8217;. Ent\u00e3o, a culpa \u00e9 de todo mundo, \u00e9 da gente que v\u00ea e n\u00e3o faz nada, que fica no discurso de n\u00e3o meter a colher. A culpa do sil\u00eancio \u00e9 de todo mundo, e a gente tem que lembrar que as den\u00fancias podem ser feitas anonimamente&#8221;, descreve Giovanna Zottino.<\/p>\n<p>Coordenadora-Adjunta do N\u00facleo de Enfrentamento \u00e0 Viol\u00eancia Dom\u00e9stica e Familiar contra a Mulher (NEViD), promotora de Justi\u00e7a Aline Mendes Franco, relembrou o epis\u00f3dio que exemplifica o slogan da campanha. O antepen\u00faltimo feminic\u00eddio de Campo Grande teve um c\u00famplice.<\/p>\n<p><em>&#8220;O agressor corria atr\u00e1s da v\u00edtima com uma faca, a v\u00edtima fugia e algu\u00e9m que passava de carro, viu e deu de frente para a cena de um homem com uma faca atacando uma mulher. Sabe o que essa pessoa fez? Ela subiu o vidro do carro e deu r\u00e9. N\u00f3s precisamos sair desse estado de letargia. Nossas mulheres est\u00e3o adoecendo e morrendo em raz\u00e3o da viol\u00eancia dom\u00e9stica e n\u00f3s todos temos que atuar nisso&#8221;, suplica a promotora.<\/em><\/p>\n<p>Para a representante da Rede Nacional Feminista de Direitos Sexuais e Direitos Reprodutivos, Estela Scandola, ignorar a viol\u00eancia contra a mulher faz de n\u00f3s c\u00famplices tamb\u00e9m quando deixamos de ser solid\u00e1rios \u00e0 v\u00edtima de ass\u00e9dio.<\/p>\n<p><em>\u201cAs mulheres sempre foram violentadas no \u00e2mbito do trabalho, s\u00f3 que isso era visto como uma coisa do cotidiano, de ser mulher. Quando gente tem uma lei rec\u00e9m-aprovada dizendo que ass\u00e9dio moral e ass\u00e9dio sexual no trabalho \u00e9 crime, voc\u00ea come\u00e7a a perceber quanto tempo n\u00f3s demoramos para evidenciar um crime que j\u00e1 vinha ocorrendo desde sempre. N\u00f3s temos uma lei protetiva, e a maior arma que para as mulheres enfrentarem ass\u00e9dio moral e ass\u00e9dio sexual \u00e9 a solidariedade. Se as mulheres que denunciam ass\u00e9dio moral e ass\u00e9dio sexual n\u00e3o tiverem a solidariedade, elas ter\u00e3o muita dificuldade de continuar na den\u00fancia. Ent\u00e3o, a solidariedade entre n\u00f3s agora come\u00e7a a ser a arma que n\u00f3s temos para enfrentar isso tudo\u201d. <\/em><\/p>\n<p>Em sua fala, a secret\u00e1ria de Estado de Administra\u00e7\u00e3o, Ana Carolina Nardes refor\u00e7ou que ningu\u00e9m precisa ter vivido um epis\u00f3dio de viol\u00eancia para combat\u00ea-la. \u201cN\u00e3o \u00e9 porque seja algo que eu n\u00e3o vivencio que eu posso me calar. N\u00e3o posso fingir que n\u00e3o estou vendo, que a viol\u00eancia n\u00e3o est\u00e1 acontecendo s\u00f3 porque n\u00e3o foi comigo. Hoje eu entendi que onde eu estou e com o que eu tenho de atribui\u00e7\u00f5es e compet\u00eancias, eu posso fazer muito\u201d.<\/p>\n<figure id=\"attachment_444894\" class=\"wp-caption alignnone\" aria-describedby=\"caption-attachment-444894\"><a href=\"https:\/\/agenciadenoticias.ms.gov.br\/wp-content\/uploads\/2023\/08\/Agosto-lilas-evento-3.jpg\"><img loading=\"lazy\" decoding=\"async\" class=\"wp-image-444894 size-large\" src=\"https:\/\/agenciadenoticias.ms.gov.br\/wp-content\/uploads\/2023\/08\/Agosto-lilas-evento-3-1024x768.jpg\" sizes=\"(max-width: 1024px) 100vw, 1024px\" srcset=\"https:\/\/agenciadenoticias.ms.gov.br\/wp-content\/uploads\/2023\/08\/Agosto-lilas-evento-3-1024x768.jpg 1024w, https:\/\/agenciadenoticias.ms.gov.br\/wp-content\/uploads\/2023\/08\/Agosto-lilas-evento-3-300x225.jpg 300w, https:\/\/agenciadenoticias.ms.gov.br\/wp-content\/uploads\/2023\/08\/Agosto-lilas-evento-3-768x576.jpg 768w, https:\/\/agenciadenoticias.ms.gov.br\/wp-content\/uploads\/2023\/08\/Agosto-lilas-evento-3-320x240.jpg 320w, https:\/\/agenciadenoticias.ms.gov.br\/wp-content\/uploads\/2023\/08\/Agosto-lilas-evento-3.jpg 1280w\" alt=\"\" width=\"1024\" height=\"768\" \/><\/a><figcaption id=\"caption-attachment-444894\" class=\"wp-caption-text\"><em>Encontro de gestoras abriu programa\u00e7\u00e3o do Agosto Lil\u00e1s<\/em><\/figcaption><\/figure>\n<p><strong>Agosto Lil\u00e1s<\/strong><\/p>\n<p>Agosto Lil\u00e1s \u00e9 uma campanha de enfrentamento \u00e0 viol\u00eancia dom\u00e9stica e familiar contra a mulher, institu\u00edda por meio da Lei Estadual n\u00ba 4.969\/2016, com objetivo de intensificar a divulga\u00e7\u00e3o da Lei Maria da Penha, sensibilizar e conscientizar a sociedade sobre o necess\u00e1rio fim da viol\u00eancia contra a mulher, divulgar os servi\u00e7os especializados da rede de atendimento \u00e0 mulher em situa\u00e7\u00e3o de viol\u00eancia e os mecanismos de den\u00fancia existentes.<\/p>\n<p>A campanha que nasceu em Mato Grosso do Sul, no ano passado por meio da Lei 14.448\/22, tornou-se o m\u00eas de prote\u00e7\u00e3o \u00e0 mulher, a fim de conscientizar a popula\u00e7\u00e3o pelo fim da viol\u00eancia contra a mulher, a n\u00edvel nacional.<\/p>\n<p>Representando o governador Eduardo Riedel, a primeira-dama do Estado de Mato Grosso do Sul, M\u00f4nica Riedel, encerrou os pronunciamentos da mesa sublinhando que o papel no enfrentamento \u00e9 um dever de todos.<\/p>\n<p>\u201cN\u00f3s temos na educa\u00e7\u00e3o uma ferramenta, as pessoas que t\u00eam cargos de lideran\u00e7a podem fazer a diferen\u00e7a denunciando ou expondo situa\u00e7\u00f5es dif\u00edceis. No teatro apresentado aqui, acho que todo mundo conseguiu identificar coisas que n\u00f3s passamos ou que pessoas conhecidas passaram, e tudo isso \u00e9 importante, para termos este olhar e construirmos juntos o enfrentamento \u00e0 viol\u00eancia contra a mulher\u201d.<\/p>\n","protected":false},"excerpt":{"rendered":"<p>&#8220;A cumplicidade \u00e9 quando voc\u00ea percebe uma viol\u00eancia e vira as costas ou acha que aquilo \u00e9 normal, e isso vale para todo mundo, n\u00e3o \u00e9 s\u00f3 para pol\u00edcia, para o Estado. O enfrentamento n\u00e3o \u00e9 apenas uma quest\u00e3o da seguran\u00e7a, das secretarias, dos \u00f3rg\u00e3os seja judici\u00e1rio, legislativo ou executivo. Ignorar faz de voc\u00ea c\u00famplice [&hellip;]<\/p>\n","protected":false},"author":2,"featured_media":20934,"comment_status":"open","ping_status":"open","sticky":false,"template":"","format":"standard","meta":{"om_disable_all_campaigns":false,"_monsterinsights_skip_tracking":false,"_monsterinsights_sitenote_active":false,"_monsterinsights_sitenote_note":"","_monsterinsights_sitenote_category":0,"footnotes":""},"categories":[30,36,266],"tags":[],"aioseo_notices":[],"_links":{"self":[{"href":"https:\/\/expressaoms.com.br\/index.php\/wp-json\/wp\/v2\/posts\/20933"}],"collection":[{"href":"https:\/\/expressaoms.com.br\/index.php\/wp-json\/wp\/v2\/posts"}],"about":[{"href":"https:\/\/expressaoms.com.br\/index.php\/wp-json\/wp\/v2\/types\/post"}],"author":[{"embeddable":true,"href":"https:\/\/expressaoms.com.br\/index.php\/wp-json\/wp\/v2\/users\/2"}],"replies":[{"embeddable":true,"href":"https:\/\/expressaoms.com.br\/index.php\/wp-json\/wp\/v2\/comments?post=20933"}],"version-history":[{"count":1,"href":"https:\/\/expressaoms.com.br\/index.php\/wp-json\/wp\/v2\/posts\/20933\/revisions"}],"predecessor-version":[{"id":20935,"href":"https:\/\/expressaoms.com.br\/index.php\/wp-json\/wp\/v2\/posts\/20933\/revisions\/20935"}],"wp:featuredmedia":[{"embeddable":true,"href":"https:\/\/expressaoms.com.br\/index.php\/wp-json\/wp\/v2\/media\/20934"}],"wp:attachment":[{"href":"https:\/\/expressaoms.com.br\/index.php\/wp-json\/wp\/v2\/media?parent=20933"}],"wp:term":[{"taxonomy":"category","embeddable":true,"href":"https:\/\/expressaoms.com.br\/index.php\/wp-json\/wp\/v2\/categories?post=20933"},{"taxonomy":"post_tag","embeddable":true,"href":"https:\/\/expressaoms.com.br\/index.php\/wp-json\/wp\/v2\/tags?post=20933"}],"curies":[{"name":"wp","href":"https:\/\/api.w.org\/{rel}","templated":true}]}}