{"id":20936,"date":"2023-08-02T10:01:53","date_gmt":"2023-08-02T13:01:53","guid":{"rendered":"https:\/\/expressaoms.com.br\/?p=20936"},"modified":"2023-08-02T10:01:53","modified_gmt":"2023-08-02T13:01:53","slug":"com-potencial-e-oportunidades-ms-day-e-vitrine-para-novos-investimentos","status":"publish","type":"post","link":"https:\/\/expressaoms.com.br\/index.php\/2023\/08\/02\/com-potencial-e-oportunidades-ms-day-e-vitrine-para-novos-investimentos\/","title":{"rendered":"Com potencial e oportunidades, MS Day \u00e9 vitrine para novos investimentos"},"content":{"rendered":"<p>Ind\u00fastrias j\u00e1 instaladas em Mato Grosso do Sul, e outras que demonstram interesse em investir no Estado, reconhecem as potencialidades e oportunidades evidenciadas durante o MS Day.<\/p>\n<p>O Governo do Estado, juntamente com a FIEMS (Federa\u00e7\u00e3o das Ind\u00fastrias do Estado de Mato Grosso do Su), realiza hoje (1\u00b0), na sede da CNI (Confedera\u00e7\u00e3o Nacional da Ind\u00fastria) \u2013 em S\u00e3o Paulo (SP), o evento de apresenta\u00e7\u00e3o do Estado para empres\u00e1rios e investidores nacionais e estrangeiros.<\/p>\n<p>O governador Eduardo Riedel participa, ao longo do dia, de reuni\u00f5es com l\u00edderes e executivos, al\u00e9m de mostrar as potencialidades econ\u00f4micas, indicadores, programas, projetos de infraestrutura, modais e demais informa\u00e7\u00f5es \u00e0 atra\u00e7\u00e3o e tomada de decis\u00e3o do capital privado na hora de investir em Mato Grosso do Sul.<\/p>\n<p><strong>Interesse em MS<\/strong><\/p>\n<p>O conselheiro e acionista da Caramuru \u2013 uma das principais empresas brasileiras de processamento de\u00a0soja, milho, girassol e canola \u2013, Alberto Borges de Souza, apontou a relev\u00e2ncia do MSDAY. \u201cD\u00e1 visibilidade para aquilo que o Mato Grosso do Sul j\u00e1 faz h\u00e1 muitos n\u00e3os, e com muita compet\u00eancia. Mas agora cria-se oportunidade de dar visibilidade a n\u00edvel nacional, para continuar atraindo investimentos e interesse pelo Estado\u201d.<\/p>\n<p>Atualmente a Caramuru emprega 2,5 mil pessoas em sua sede, localizada em Goi\u00e1s. \u201cSomos processadores de soja, milho e girassol. Atuamos tamb\u00e9m na armazenagem de gr\u00e3os, hidrovia, ferrovia, e nos tr\u00eas portos brasileiros, com o biodiesel e produtos de consumo da marca Sinh\u00e1. \u00c9 um grupo forte de industrializa\u00e7\u00e3o no agroneg\u00f3cio brasileiro\u201d, afirmou Souza.<\/p>\n<div id=\"gallery-1\" class=\"gallery galleryid-444841 gallery-columns-2 gallery-size-full\">\n<figure class=\"gallery-item\">\n<div class=\"gallery-icon landscape\"><a href=\"https:\/\/agenciadenoticias.ms.gov.br\/wp-content\/uploads\/2023\/08\/MS-DAY-Rafael-Ranzolin-Inpasa-Foto-Alvaro-Rezende-01-1.jpeg\"><img fetchpriority=\"high\" decoding=\"async\" class=\"attachment-full size-full\" src=\"https:\/\/agenciadenoticias.ms.gov.br\/wp-content\/uploads\/2023\/08\/MS-DAY-Rafael-Ranzolin-Inpasa-Foto-Alvaro-Rezende-01-1.jpeg\" sizes=\"(max-width: 1500px) 100vw, 1500px\" srcset=\"https:\/\/agenciadenoticias.ms.gov.br\/wp-content\/uploads\/2023\/08\/MS-DAY-Rafael-Ranzolin-Inpasa-Foto-Alvaro-Rezende-01-1.jpeg 1500w, https:\/\/agenciadenoticias.ms.gov.br\/wp-content\/uploads\/2023\/08\/MS-DAY-Rafael-Ranzolin-Inpasa-Foto-Alvaro-Rezende-01-1-300x200.jpeg 300w, https:\/\/agenciadenoticias.ms.gov.br\/wp-content\/uploads\/2023\/08\/MS-DAY-Rafael-Ranzolin-Inpasa-Foto-Alvaro-Rezende-01-1-1024x683.jpeg 1024w, https:\/\/agenciadenoticias.ms.gov.br\/wp-content\/uploads\/2023\/08\/MS-DAY-Rafael-Ranzolin-Inpasa-Foto-Alvaro-Rezende-01-1-768x512.jpeg 768w, https:\/\/agenciadenoticias.ms.gov.br\/wp-content\/uploads\/2023\/08\/MS-DAY-Rafael-Ranzolin-Inpasa-Foto-Alvaro-Rezende-01-1-350x232.jpeg 350w\" alt=\"\" width=\"1500\" height=\"1000\" \/><\/a><\/div>\n<\/figure>\n<figure class=\"gallery-item\">\n<div class=\"gallery-icon landscape\"><a href=\"https:\/\/agenciadenoticias.ms.gov.br\/wp-content\/uploads\/2023\/08\/MS-DAY-Rafael-Ranzolin-Inpasa-Foto-Alvaro-Rezende.jpeg\"><img decoding=\"async\" class=\"attachment-full size-full\" src=\"https:\/\/agenciadenoticias.ms.gov.br\/wp-content\/uploads\/2023\/08\/MS-DAY-Rafael-Ranzolin-Inpasa-Foto-Alvaro-Rezende.jpeg\" sizes=\"(max-width: 1500px) 100vw, 1500px\" srcset=\"https:\/\/agenciadenoticias.ms.gov.br\/wp-content\/uploads\/2023\/08\/MS-DAY-Rafael-Ranzolin-Inpasa-Foto-Alvaro-Rezende.jpeg 1500w, https:\/\/agenciadenoticias.ms.gov.br\/wp-content\/uploads\/2023\/08\/MS-DAY-Rafael-Ranzolin-Inpasa-Foto-Alvaro-Rezende-300x200.jpeg 300w, https:\/\/agenciadenoticias.ms.gov.br\/wp-content\/uploads\/2023\/08\/MS-DAY-Rafael-Ranzolin-Inpasa-Foto-Alvaro-Rezende-1024x683.jpeg 1024w, https:\/\/agenciadenoticias.ms.gov.br\/wp-content\/uploads\/2023\/08\/MS-DAY-Rafael-Ranzolin-Inpasa-Foto-Alvaro-Rezende-768x512.jpeg 768w, https:\/\/agenciadenoticias.ms.gov.br\/wp-content\/uploads\/2023\/08\/MS-DAY-Rafael-Ranzolin-Inpasa-Foto-Alvaro-Rezende-350x232.jpeg 350w\" alt=\"\" width=\"1500\" height=\"1000\" \/><\/a><\/div>\n<\/figure>\n<\/div>\n<p>No evento em S\u00e3o Paulo, o representante da empresa confirmou que h\u00e1 possibilidade de investimentos futuros da Caramuru no Estado. \u201cNa verdade, a gente j\u00e1 tinha bastante conhecimento e relacionamento com o Mato Grosso do Sul. O que n\u00f3s sentimos hoje \u00e9 que refor\u00e7a a credibilidade e os la\u00e7os de interesse. A gente tem uma longa hist\u00f3ria de di\u00e1logo com o Mato Grosso do Sul, que \u00e9 de interesse para a Caramuru para fazer novos investimentos. Temos muito interesse, em especial na regi\u00e3o de Chapad\u00e3o do Sul, porque est\u00e1 conectada com a ferrovia e com o Porto de Santos\u201d, disse o empres\u00e1rio.<\/p>\n<p>Al\u00e9m de apresentar os principais programas e projetos do Governo do Estado para a classe empresarial do Pa\u00eds, o MS Day tem como proposta mostrar o bom ambiente de neg\u00f3cios criado em Mato Grosso do Sul que atrai grandes investimentos privados.<\/p>\n<p><strong>Investimento consolidado<\/strong><\/p>\n<p>\u00c9 o caso do Projeto Cerrado, de constru\u00e7\u00e3o da unidade da Suzano em Ribas do Rio Pardo, maior investimento privado em execu\u00e7\u00e3o no mundo. O presidente da Suzano, Walter Schalka, participa do MS Day e assegura o cen\u00e1rio favor\u00e1vel e de crescimento no Estado.<\/p>\n<p>\u201cNo Mato Grosso do Sul tem a possibilidade de fazer investimentos com velocidade, com qualidade. Tem uma infraestrutura adequada. Tem uma forma de rela\u00e7\u00e3o com as empresas que \u00e9 muito positiva e muito contributiva, sempre com qualidade. E a disponibilidade de terras, \u00e1reas e competitividade florestal e industrial, que nos levaram a fazer investimentos relevantes\u201d.<\/p>\n<div id=\"gallery-2\" class=\"gallery galleryid-444841 gallery-columns-3 gallery-size-full\">\n<figure class=\"gallery-item\">\n<div class=\"gallery-icon landscape\"><a href=\"https:\/\/agenciadenoticias.ms.gov.br\/wp-content\/uploads\/2023\/08\/MS-DAY-Foto-Saul-Schramm-03.jpg\"><img decoding=\"async\" class=\"attachment-full size-full\" src=\"https:\/\/agenciadenoticias.ms.gov.br\/wp-content\/uploads\/2023\/08\/MS-DAY-Foto-Saul-Schramm-03.jpg\" sizes=\"(max-width: 1230px) 100vw, 1230px\" srcset=\"https:\/\/agenciadenoticias.ms.gov.br\/wp-content\/uploads\/2023\/08\/MS-DAY-Foto-Saul-Schramm-03.jpg 1230w, https:\/\/agenciadenoticias.ms.gov.br\/wp-content\/uploads\/2023\/08\/MS-DAY-Foto-Saul-Schramm-03-300x200.jpg 300w, https:\/\/agenciadenoticias.ms.gov.br\/wp-content\/uploads\/2023\/08\/MS-DAY-Foto-Saul-Schramm-03-1024x683.jpg 1024w, https:\/\/agenciadenoticias.ms.gov.br\/wp-content\/uploads\/2023\/08\/MS-DAY-Foto-Saul-Schramm-03-768x512.jpg 768w, https:\/\/agenciadenoticias.ms.gov.br\/wp-content\/uploads\/2023\/08\/MS-DAY-Foto-Saul-Schramm-03-350x232.jpg 350w\" alt=\"\" width=\"1230\" height=\"820\" \/><\/a><\/div>\n<\/figure>\n<figure class=\"gallery-item\">\n<div class=\"gallery-icon landscape\"><a href=\"https:\/\/agenciadenoticias.ms.gov.br\/wp-content\/uploads\/2023\/08\/MS-DAY-Foto-Saul-Schramm-11-1.jpeg\"><img loading=\"lazy\" decoding=\"async\" class=\"attachment-full size-full\" src=\"https:\/\/agenciadenoticias.ms.gov.br\/wp-content\/uploads\/2023\/08\/MS-DAY-Foto-Saul-Schramm-11-1.jpeg\" sizes=\"(max-width: 1280px) 100vw, 1280px\" srcset=\"https:\/\/agenciadenoticias.ms.gov.br\/wp-content\/uploads\/2023\/08\/MS-DAY-Foto-Saul-Schramm-11-1.jpeg 1280w, https:\/\/agenciadenoticias.ms.gov.br\/wp-content\/uploads\/2023\/08\/MS-DAY-Foto-Saul-Schramm-11-1-300x200.jpeg 300w, https:\/\/agenciadenoticias.ms.gov.br\/wp-content\/uploads\/2023\/08\/MS-DAY-Foto-Saul-Schramm-11-1-1024x682.jpeg 1024w, https:\/\/agenciadenoticias.ms.gov.br\/wp-content\/uploads\/2023\/08\/MS-DAY-Foto-Saul-Schramm-11-1-768x512.jpeg 768w, https:\/\/agenciadenoticias.ms.gov.br\/wp-content\/uploads\/2023\/08\/MS-DAY-Foto-Saul-Schramm-11-1-350x232.jpeg 350w\" alt=\"\" width=\"1280\" height=\"853\" \/><\/a><\/div>\n<\/figure>\n<figure class=\"gallery-item\">\n<div class=\"gallery-icon landscape\"><a href=\"https:\/\/agenciadenoticias.ms.gov.br\/wp-content\/uploads\/2023\/08\/MS-DAY-Foto-Saul-Schramm-06-1.jpeg\"><img loading=\"lazy\" decoding=\"async\" class=\"attachment-full size-full\" src=\"https:\/\/agenciadenoticias.ms.gov.br\/wp-content\/uploads\/2023\/08\/MS-DAY-Foto-Saul-Schramm-06-1.jpeg\" sizes=\"(max-width: 1280px) 100vw, 1280px\" srcset=\"https:\/\/agenciadenoticias.ms.gov.br\/wp-content\/uploads\/2023\/08\/MS-DAY-Foto-Saul-Schramm-06-1.jpeg 1280w, https:\/\/agenciadenoticias.ms.gov.br\/wp-content\/uploads\/2023\/08\/MS-DAY-Foto-Saul-Schramm-06-1-300x200.jpeg 300w, https:\/\/agenciadenoticias.ms.gov.br\/wp-content\/uploads\/2023\/08\/MS-DAY-Foto-Saul-Schramm-06-1-1024x682.jpeg 1024w, https:\/\/agenciadenoticias.ms.gov.br\/wp-content\/uploads\/2023\/08\/MS-DAY-Foto-Saul-Schramm-06-1-768x512.jpeg 768w, https:\/\/agenciadenoticias.ms.gov.br\/wp-content\/uploads\/2023\/08\/MS-DAY-Foto-Saul-Schramm-06-1-350x232.jpeg 350w\" alt=\"\" width=\"1280\" height=\"853\" \/><\/a><\/div>\n<\/figure>\n<\/div>\n<p>O espa\u00e7o de competitividade beneficia o planejamento da ind\u00fastria, que ser\u00e1 a maior do mundo no seguimento da celulose. \u201cMato Grosso do Sul vai ter a f\u00e1brica, n\u00e3o apenas a maior linha de produ\u00e7\u00e3o de celulose do mundo, mas a mais competitiva globalmente. O nosso custo de produ\u00e7\u00e3o de celulose em outras regi\u00f5es \u00e9 superior ao que teremos l\u00e1. N\u00f3s imaginamos, estar operando com custo estrutural ao longo do tempo de US$ 100 (cem d\u00f3lares) a tonelada, que \u00e9 o menor custo mundial\u201d, firmou Schalka.<\/p>\n<p>A realiza\u00e7\u00e3o do MS Day, com a apresenta\u00e7\u00e3o de informa\u00e7\u00f5es importantes para a tomada de decis\u00f5es por parte dos investidores, tamb\u00e9m foi elogiada pelo empres\u00e1rio. \u201cOlha eu tenho que parabenizar o Governo de Mato Grosso do Sul e todos que estiveram envolvidos, inclusive a Federa\u00e7\u00e3o da Ind\u00fastria, porque \u00e9 fundamental fazer isso para atrair novos investimentos para o Estado. O Estado continua num ritmo acelerado de desenvolvimento, uma taxa baix\u00edssima de desemprego, porque vai gerando oportunidade de trabalho. Ent\u00e3o, acho que o Estado est\u00e1 crescendo proporcionalmente muito mais do que outros estados do Brasil, por atrair investimentos e faz isso de uma forma muito adequada e com muita competitividade\u201d, finalizou.<\/p>\n<p>Outra ind\u00fastria com investimentos no ramo da celulose \u00e9 a Arauco, que tem previs\u00e3o de come\u00e7ar a erguer sua planta no munic\u00edpio de Inoc\u00eancia, localizado na regi\u00e3o conhecida como o &#8216;Vale da Celulose&#8217;, a partir de 2025, finalizando a constru\u00e7\u00e3o at\u00e9 o primeiro trimestre de 2028. No auge das obras, 12 mil empregos devem ser gerados ali, enquanto cerca de 2 mil postos de trabalho devem permanecer ativos nas opera\u00e7\u00f5es industrial e florestal.<\/p>\n<div id=\"gallery-3\" class=\"gallery galleryid-444841 gallery-columns-3 gallery-size-full\">\n<figure class=\"gallery-item\">\n<div class=\"gallery-icon landscape\"><a href=\"https:\/\/agenciadenoticias.ms.gov.br\/wp-content\/uploads\/2023\/08\/MS-DAY-Foto-Alvaro-Rezende-8.jpeg\"><img loading=\"lazy\" decoding=\"async\" class=\"attachment-full size-full\" src=\"https:\/\/agenciadenoticias.ms.gov.br\/wp-content\/uploads\/2023\/08\/MS-DAY-Foto-Alvaro-Rezende-8.jpeg\" sizes=\"(max-width: 1500px) 100vw, 1500px\" srcset=\"https:\/\/agenciadenoticias.ms.gov.br\/wp-content\/uploads\/2023\/08\/MS-DAY-Foto-Alvaro-Rezende-8.jpeg 1500w, https:\/\/agenciadenoticias.ms.gov.br\/wp-content\/uploads\/2023\/08\/MS-DAY-Foto-Alvaro-Rezende-8-300x200.jpeg 300w, https:\/\/agenciadenoticias.ms.gov.br\/wp-content\/uploads\/2023\/08\/MS-DAY-Foto-Alvaro-Rezende-8-1024x683.jpeg 1024w, https:\/\/agenciadenoticias.ms.gov.br\/wp-content\/uploads\/2023\/08\/MS-DAY-Foto-Alvaro-Rezende-8-768x512.jpeg 768w, https:\/\/agenciadenoticias.ms.gov.br\/wp-content\/uploads\/2023\/08\/MS-DAY-Foto-Alvaro-Rezende-8-350x232.jpeg 350w\" alt=\"\" width=\"1500\" height=\"1000\" \/><\/a><\/div>\n<\/figure>\n<figure class=\"gallery-item\">\n<div class=\"gallery-icon landscape\"><a href=\"https:\/\/agenciadenoticias.ms.gov.br\/wp-content\/uploads\/2023\/08\/MS-DAY-Foto-Saul-Schramm-06-2.jpeg\"><img loading=\"lazy\" decoding=\"async\" class=\"attachment-full size-full\" src=\"https:\/\/agenciadenoticias.ms.gov.br\/wp-content\/uploads\/2023\/08\/MS-DAY-Foto-Saul-Schramm-06-2.jpeg\" sizes=\"(max-width: 1280px) 100vw, 1280px\" srcset=\"https:\/\/agenciadenoticias.ms.gov.br\/wp-content\/uploads\/2023\/08\/MS-DAY-Foto-Saul-Schramm-06-2.jpeg 1280w, https:\/\/agenciadenoticias.ms.gov.br\/wp-content\/uploads\/2023\/08\/MS-DAY-Foto-Saul-Schramm-06-2-300x200.jpeg 300w, https:\/\/agenciadenoticias.ms.gov.br\/wp-content\/uploads\/2023\/08\/MS-DAY-Foto-Saul-Schramm-06-2-1024x682.jpeg 1024w, https:\/\/agenciadenoticias.ms.gov.br\/wp-content\/uploads\/2023\/08\/MS-DAY-Foto-Saul-Schramm-06-2-768x512.jpeg 768w, https:\/\/agenciadenoticias.ms.gov.br\/wp-content\/uploads\/2023\/08\/MS-DAY-Foto-Saul-Schramm-06-2-350x232.jpeg 350w\" alt=\"\" width=\"1280\" height=\"853\" \/><\/a><\/div>\n<\/figure>\n<figure class=\"gallery-item\">\n<div class=\"gallery-icon landscape\"><a href=\"https:\/\/agenciadenoticias.ms.gov.br\/wp-content\/uploads\/2023\/08\/MS-DAY-Foto-Saul-Schramm-04-4.jpeg\"><img loading=\"lazy\" decoding=\"async\" class=\"attachment-full size-full\" src=\"https:\/\/agenciadenoticias.ms.gov.br\/wp-content\/uploads\/2023\/08\/MS-DAY-Foto-Saul-Schramm-04-4.jpeg\" sizes=\"(max-width: 1280px) 100vw, 1280px\" srcset=\"https:\/\/agenciadenoticias.ms.gov.br\/wp-content\/uploads\/2023\/08\/MS-DAY-Foto-Saul-Schramm-04-4.jpeg 1280w, https:\/\/agenciadenoticias.ms.gov.br\/wp-content\/uploads\/2023\/08\/MS-DAY-Foto-Saul-Schramm-04-4-300x200.jpeg 300w, https:\/\/agenciadenoticias.ms.gov.br\/wp-content\/uploads\/2023\/08\/MS-DAY-Foto-Saul-Schramm-04-4-1024x682.jpeg 1024w, https:\/\/agenciadenoticias.ms.gov.br\/wp-content\/uploads\/2023\/08\/MS-DAY-Foto-Saul-Schramm-04-4-768x512.jpeg 768w, https:\/\/agenciadenoticias.ms.gov.br\/wp-content\/uploads\/2023\/08\/MS-DAY-Foto-Saul-Schramm-04-4-350x232.jpeg 350w\" alt=\"\" width=\"1280\" height=\"853\" \/><\/a><\/div>\n<\/figure>\n<\/div>\n<p>\u201cMato Grosso do Sul \u00e9 um estado que re\u00fane uma s\u00e9rie de condi\u00e7\u00f5es atrativas ao investimento. \u00c9 um Estado bem resolvido economicamente, com planejamento de longo prazo e est\u00e1 olhando o setor florestal de forma estrat\u00e9gica. Essas s\u00e3o algumas das raz\u00f5es da escolha por Mato Grosso do Sul. Em rela\u00e7\u00e3o a localiza\u00e7\u00e3o, tem o clima extremamente favor\u00e1vel ao cultivo do eucalipto e a localiza\u00e7\u00e3o favor\u00e1vel ao escoamento log\u00edstico. Ali ficamos pr\u00f3ximos da ferrovia de bitola larga, o que nos d\u00e1 toda uma vantagem competitiva e de sustentabilidade ao projeto\u201d, apontou o diretor da Arauco, M\u00e1rio Jos\u00e9 de Souza Neto.<\/p>\n<p>Em Mato Grosso do Sul, a Arauco j\u00e1 possui a Mahal, empresa florestal que tem mais de 60 mil hectares de florestas cultivadas em seis cidades na costa leste sul-mato-grossense: Inoc\u00eancia, \u00c1gua Clara, Tr\u00eas Lagoas, Aparecida do Taboado, Selv\u00edria e Chapad\u00e3o do Sul.<\/p>\n<p>A perspectiva \u00e9 que no auge da opera\u00e7\u00e3o, sejam explorados 285 mil hectares de eucaliptos. A nova f\u00e1brica prop\u00f5e tamb\u00e9m\u00a0ter\u00a0alta efici\u00eancia energ\u00e9tica, criando um excedente de energia el\u00e9trica de 200 mW oriundo do reaproveitamento de biomassa (cascas, lignina, entre outros insumos) n\u00e3o utilizada no processo da fabrica\u00e7\u00e3o da celulose.<\/p>\n<p>\u201cO valor da primeira linha est\u00e1 estimado em US$ 3 bilh\u00f5es e devemos criar cerca de 550 empregos diretos na planta e 1,2 mil no setor florestal. Mais ou menos 2 mil empregos diretos, fora os empregos criados em toda cadeia de produ\u00e7\u00e3o. Voc\u00ea multiplica isso a\u00ed por quatro, cinco vezes, somando todos fornecedores diretos e indiretos da planta de celulose\u201d, explicou Neto.<\/p>\n","protected":false},"excerpt":{"rendered":"<p>Ind\u00fastrias j\u00e1 instaladas em Mato Grosso do Sul, e outras que demonstram interesse em investir no Estado, reconhecem as potencialidades e oportunidades evidenciadas durante o MS Day. O Governo do Estado, juntamente com a FIEMS (Federa\u00e7\u00e3o das Ind\u00fastrias do Estado de Mato Grosso do Su), realiza hoje (1\u00b0), na sede da CNI (Confedera\u00e7\u00e3o Nacional da [&hellip;]<\/p>\n","protected":false},"author":2,"featured_media":20937,"comment_status":"open","ping_status":"open","sticky":false,"template":"","format":"standard","meta":{"om_disable_all_campaigns":false,"_monsterinsights_skip_tracking":false,"_monsterinsights_sitenote_active":false,"_monsterinsights_sitenote_note":"","_monsterinsights_sitenote_category":0,"footnotes":""},"categories":[31,266],"tags":[],"aioseo_notices":[],"_links":{"self":[{"href":"https:\/\/expressaoms.com.br\/index.php\/wp-json\/wp\/v2\/posts\/20936"}],"collection":[{"href":"https:\/\/expressaoms.com.br\/index.php\/wp-json\/wp\/v2\/posts"}],"about":[{"href":"https:\/\/expressaoms.com.br\/index.php\/wp-json\/wp\/v2\/types\/post"}],"author":[{"embeddable":true,"href":"https:\/\/expressaoms.com.br\/index.php\/wp-json\/wp\/v2\/users\/2"}],"replies":[{"embeddable":true,"href":"https:\/\/expressaoms.com.br\/index.php\/wp-json\/wp\/v2\/comments?post=20936"}],"version-history":[{"count":1,"href":"https:\/\/expressaoms.com.br\/index.php\/wp-json\/wp\/v2\/posts\/20936\/revisions"}],"predecessor-version":[{"id":20938,"href":"https:\/\/expressaoms.com.br\/index.php\/wp-json\/wp\/v2\/posts\/20936\/revisions\/20938"}],"wp:featuredmedia":[{"embeddable":true,"href":"https:\/\/expressaoms.com.br\/index.php\/wp-json\/wp\/v2\/media\/20937"}],"wp:attachment":[{"href":"https:\/\/expressaoms.com.br\/index.php\/wp-json\/wp\/v2\/media?parent=20936"}],"wp:term":[{"taxonomy":"category","embeddable":true,"href":"https:\/\/expressaoms.com.br\/index.php\/wp-json\/wp\/v2\/categories?post=20936"},{"taxonomy":"post_tag","embeddable":true,"href":"https:\/\/expressaoms.com.br\/index.php\/wp-json\/wp\/v2\/tags?post=20936"}],"curies":[{"name":"wp","href":"https:\/\/api.w.org\/{rel}","templated":true}]}}