{"id":20942,"date":"2023-08-02T13:03:19","date_gmt":"2023-08-02T16:03:19","guid":{"rendered":"https:\/\/expressaoms.com.br\/?p=20942"},"modified":"2023-08-02T13:03:19","modified_gmt":"2023-08-02T16:03:19","slug":"prefeitura-anuncia-concurso-para-professor-com-323-vagas-edital-sera-divulgado-neste-mes","status":"publish","type":"post","link":"https:\/\/expressaoms.com.br\/index.php\/2023\/08\/02\/prefeitura-anuncia-concurso-para-professor-com-323-vagas-edital-sera-divulgado-neste-mes\/","title":{"rendered":"Prefeitura anuncia concurso para professor com 323 vagas; edital ser\u00e1 divulgado neste m\u00eas"},"content":{"rendered":"<div>\n<p class=\"descricao-foto\">Concurso p\u00fablico para professor da Reme ser\u00e1 realizado ap\u00f3s sete anos &#8211; Gerson Oliveira\/ Correio do Estado<\/p>\n<\/div>\n<article class=\"\">A Prefeitura Municipal de Campo Grande (PMCG) anunciou, na tarde desta quarta-feira (1\u00ba), 323 vagas em concurso para professor da Rede Municipal de Ensino (Reme).<\/p>\n<p>De acordo com a prefeita de Campo Grande, Adriane Lopes (Progressistas), o edital ser\u00e1 divulgado ainda neste m\u00eas de agosto. O \u00faltimo concurso da Secretaria Municipal de Educa\u00e7\u00e3o (Semed) foi realizado em 2016, ou seja, h\u00e1 sete anos.<\/p>\n<p>O sal\u00e1rio, carga hor\u00e1ria, data da prova e etapas do concurso n\u00e3o foram divulgados e devem ser informados no edital.<\/p>\n<p>Em entrevista\u00a0ao <strong>Correio do Estado<\/strong>, o presidente do Sindicato dos Professores da rede p\u00fablica de Campo Grande, Gilvano Bronzoni, afirmou que a realiza\u00e7\u00e3o do concurso \u00e9 positiva, mas que v\u00e3o debater o n\u00famero de vagas.<\/p>\n<p>&#8220;O sindicato defende a ocupa\u00e7\u00e3o de todas as vagas puras por professores concursados&#8221;, disse Bronzoni \u00e0 reportagem.<\/p>\n<p>\u201cS\u00e3o oito anos sem concurso para a \u00e1rea, n\u00f3s buscamos uma caminho para isso vamos lan\u00e7ar o edital este m\u00eas, dando andamento escolhendo a empresa dentro do projeto do munic\u00edpio\u201d, afirmou a chefe do executivo municipal.<\/p>\n<p>O pronunciamento foi feito na tarde desta quarta-feira (1\u00ba), durante presta\u00e7\u00e3o de contas da Reme, no primeiro semestre de 2023.<\/p>\n<h2 class=\"western\"><strong>\u00daLTIMO CONCURSO<\/strong><\/h2>\n<p>O <u>\u00faltimo concurso<\/u> da Secretaria Municipal de Educa\u00e7\u00e3o (Semed) foi realizado em 2016. O edital foi aberto em 2015 e as provas foram realizadas em 20 de mar\u00e7o de 2016.O concurso ofereceu cerca de 400 vagas para professores das disciplinas de artes, educa\u00e7\u00e3o f\u00edsica, hist\u00f3ria, geografia, ingl\u00eas, l\u00edngua portuguesa, matem\u00e1tica, entre outras.<\/p>\n<p>Para todos os cargos o sal\u00e1rio oferecido, na \u00e9poca, foi de R$ 2.546,06. O processo seletivo teve mais de 19 mil candidatos. Os aprovados foram convocados em 2018.<\/p>\n<p>Atualmente, a Rede Municipal de Ensino (Reme) tem aproximadamente 109 mil alunos matriculados em 206 unidades de ensino, 7,5 mil professores e 12 mil servidores (incluindo administrativos, pessoal da limpeza, merenda, monitor de aluno e etc).<\/p>\n<\/article>\n<p>&nbsp;<\/p>\n<pre>Fonte: Correio do Estado<\/pre>\n","protected":false},"excerpt":{"rendered":"<p>Concurso p\u00fablico para professor da Reme ser\u00e1 realizado ap\u00f3s sete anos &#8211; Gerson Oliveira\/ Correio do Estado A Prefeitura Municipal de Campo Grande (PMCG) anunciou, na tarde desta quarta-feira (1\u00ba), 323 vagas em concurso para professor da Rede Municipal de Ensino (Reme). De acordo com a prefeita de Campo Grande, Adriane Lopes (Progressistas), o edital [&hellip;]<\/p>\n","protected":false},"author":2,"featured_media":20943,"comment_status":"open","ping_status":"open","sticky":false,"template":"","format":"standard","meta":{"om_disable_all_campaigns":false,"_monsterinsights_skip_tracking":false,"_monsterinsights_sitenote_active":false,"_monsterinsights_sitenote_note":"","_monsterinsights_sitenote_category":0,"footnotes":""},"categories":[27,30,36],"tags":[],"aioseo_notices":[],"_links":{"self":[{"href":"https:\/\/expressaoms.com.br\/index.php\/wp-json\/wp\/v2\/posts\/20942"}],"collection":[{"href":"https:\/\/expressaoms.com.br\/index.php\/wp-json\/wp\/v2\/posts"}],"about":[{"href":"https:\/\/expressaoms.com.br\/index.php\/wp-json\/wp\/v2\/types\/post"}],"author":[{"embeddable":true,"href":"https:\/\/expressaoms.com.br\/index.php\/wp-json\/wp\/v2\/users\/2"}],"replies":[{"embeddable":true,"href":"https:\/\/expressaoms.com.br\/index.php\/wp-json\/wp\/v2\/comments?post=20942"}],"version-history":[{"count":1,"href":"https:\/\/expressaoms.com.br\/index.php\/wp-json\/wp\/v2\/posts\/20942\/revisions"}],"predecessor-version":[{"id":20944,"href":"https:\/\/expressaoms.com.br\/index.php\/wp-json\/wp\/v2\/posts\/20942\/revisions\/20944"}],"wp:featuredmedia":[{"embeddable":true,"href":"https:\/\/expressaoms.com.br\/index.php\/wp-json\/wp\/v2\/media\/20943"}],"wp:attachment":[{"href":"https:\/\/expressaoms.com.br\/index.php\/wp-json\/wp\/v2\/media?parent=20942"}],"wp:term":[{"taxonomy":"category","embeddable":true,"href":"https:\/\/expressaoms.com.br\/index.php\/wp-json\/wp\/v2\/categories?post=20942"},{"taxonomy":"post_tag","embeddable":true,"href":"https:\/\/expressaoms.com.br\/index.php\/wp-json\/wp\/v2\/tags?post=20942"}],"curies":[{"name":"wp","href":"https:\/\/api.w.org\/{rel}","templated":true}]}}