{"id":20945,"date":"2023-08-02T17:48:56","date_gmt":"2023-08-02T20:48:56","guid":{"rendered":"https:\/\/expressaoms.com.br\/?p=20945"},"modified":"2023-08-02T17:48:56","modified_gmt":"2023-08-02T20:48:56","slug":"boletim-economico-industria-volta-a-gerar-novos-empregos-e-setor-de-servico-segue-liderando-em-contratacoes","status":"publish","type":"post","link":"https:\/\/expressaoms.com.br\/index.php\/2023\/08\/02\/boletim-economico-industria-volta-a-gerar-novos-empregos-e-setor-de-servico-segue-liderando-em-contratacoes\/","title":{"rendered":"BOLETIM ECON\u00d4MICO \u2013 Ind\u00fastria volta a gerar novos empregos e setor de servi\u00e7o segue liderando em contrata\u00e7\u00f5es"},"content":{"rendered":"<p data-raofz=\"16\">A Secretaria Municipal de Desenvolvimento Econ\u00f4mico, Ci\u00eancia e Tecnologia (SEDECT) divulgou nesta ter\u00e7a-feira (1\u00ba), o Boletim Economia Local referente ao primeiro semestre de 2023.<\/p>\n<p data-raofz=\"16\">Al\u00e9m dos dados de fechamento do primeiro semestre de 2023, esta edi\u00e7\u00e3o traz algumas novidades como os novos dados do Censo de 2022 e uma avalia\u00e7\u00e3o conjunta da infla\u00e7\u00e3o do \u00cdndice Nacional de Pre\u00e7os ao Consumidor Amplo (IPCA) do semestre, comparando os dados da infla\u00e7\u00e3o nacional e da capital, Campo Grande.<\/p>\n<p data-raofz=\"16\"><strong>GERA\u00c7\u00c3O DE EMPREGOS<\/strong><\/p>\n<p data-raofz=\"16\">Em Tr\u00eas Lagoas, o principal gerador de empregos nos primeiros meses do ano, seguindo o hist\u00f3rico recente, foi o setor de servi\u00e7os. Com exce\u00e7\u00e3o de fevereiro, o saldo da cria\u00e7\u00e3o de empregos foi positivo em praticamente todos os meses do semestre, com destaque para os meses de janeiro e junho, com saldo 15% maior do que no mesmo per\u00edodo de 2022.<\/p>\n<p data-raofz=\"16\">A ind\u00fastria \u00e9 destaque tamb\u00e9m do setor neste per\u00edodo, ap\u00f3s forte recupera\u00e7\u00e3o na gera\u00e7\u00e3o de vagas. No primeiro semestre de 2022, o segmento ainda sofria os impactos dos reflexos da pandemia da Covid-19, que resultou em saldo de empregos praticamente nulo ao fim daquele per\u00edodo, entretanto, neste ano a ind\u00fastria voltou a gerar empregos, sendo respons\u00e1vel pela gera\u00e7\u00e3o acima de 21% das novas vagas na cidade, finalizando o semestre com um saldo de 307 postos de trabalhos.<\/p>\n<p data-raofz=\"16\">Sendo assim, Tr\u00eas Lagoas fechou o semestre de 2023 na terceira posi\u00e7\u00e3o no ranking dos munic\u00edpios que mais geraram empregos no Mato Grosso do Sul neste per\u00edodo.<\/p>\n<p data-raofz=\"16\"><strong>EXPORTA\u00c7\u00c3O<\/strong><\/p>\n<p data-raofz=\"16\">Quando se refere \u00e0 exporta\u00e7\u00e3o, Tr\u00eas Lagoas \u00e9 refer\u00eancia no Estado, neste semestre mesmo apresentando uma ligeira queda de -1,6%, do que o resultado observado no ano passado, ainda assim, as exporta\u00e7\u00f5es do Munic\u00edpio foram expressivas e consistentes ao longo do primeiro semestre, totalizando mais de R$ 940 milh\u00f5es de d\u00f3lares em exporta\u00e7\u00f5es.<\/p>\n<p data-raofz=\"16\">Celulose e derivados de soja esmagada figuraram lideram os itens de produtos exportados. E a China continua sendo o principal parceiro comercial, acumulando 46,1% do destino das exporta\u00e7\u00f5es da cidade. Em geral, Tr\u00eas Lagoas respondeu por 24,7% das exporta\u00e7\u00f5es do Estado no semestre.<\/p>\n<p data-raofz=\"16\"><strong>NOVIDADES DO BOLETIM<\/strong><\/p>\n<p data-raofz=\"16\">A partir de agora, o Boletim trar\u00e1 dados relacionados \u00e0 infla\u00e7\u00e3o, que s\u00e3o vari\u00e1veis conforme regi\u00e3o. Mato Grosso do Sul, segundo o IPCA, possui indicador de infla\u00e7\u00e3o da categoria de Habita\u00e7\u00e3o 65% maior do que a m\u00e9dia nacional.<\/p>\n<p data-raofz=\"16\">O respons\u00e1vel pela compila\u00e7\u00e3o e an\u00e1lise dos dados do boletim, o administrador da SEDECT, Frank Morais, explica que a utiliza\u00e7\u00e3o dos dados de infla\u00e7\u00e3o baseados no indicador nacional pode ser limitado para avaliar a infla\u00e7\u00e3o \u00e0 n\u00edvel regional e local.<\/p>\n<p data-raofz=\"16\">\u201cA indisponibilidade de dados gerais sobre a infla\u00e7\u00e3o nos munic\u00edpios dificulta uma an\u00e1lise mais realista dos pre\u00e7os. Os indicadores de infla\u00e7\u00e3o divulgados pelo Governo Federal refletem uma m\u00e9dia nacional baseada nas capitais e grandes cidades do pa\u00eds. No entanto, ao examinarmos mais de perto os dados locais percebemos que a evolu\u00e7\u00e3o dos pre\u00e7os se comporta de maneira muito peculiar ao longo das regi\u00f5es\u201d, informou.<\/p>\n<p data-raofz=\"16\"><strong>PUBLICA\u00c7\u00c3O<\/strong><\/p>\n<p data-raofz=\"16\">Confira todas as informa\u00e7\u00f5es na \u00edntegra da 6\u00aa Edi\u00e7\u00e3o do Boletim Economia Local, referente ao 1\u00ba semestre de 2023,\u00a0<a role=\"link\" href=\"http:\/\/www.treslagoas.ms.gov.br\/wp-content\/uploads\/2023\/08\/SEDECT_Boletim_Econ_Local_1_Sem_2023-1.pdf\" data-type=\"URL\" data-id=\"http:\/\/www.treslagoas.ms.gov.br\/wp-content\/uploads\/2023\/08\/SEDECT_Boletim_Econ_Local_1_Sem_2023-1.pdf\" data-raofz=\"16\">CLIQUE AQUI E VEJA O BOLETIM ECON\u00d4MICO<\/a><\/p>\n","protected":false},"excerpt":{"rendered":"<p>A Secretaria Municipal de Desenvolvimento Econ\u00f4mico, Ci\u00eancia e Tecnologia (SEDECT) divulgou nesta ter\u00e7a-feira (1\u00ba), o Boletim Economia Local referente ao primeiro semestre de 2023. Al\u00e9m dos dados de fechamento do primeiro semestre de 2023, esta edi\u00e7\u00e3o traz algumas novidades como os novos dados do Censo de 2022 e uma avalia\u00e7\u00e3o conjunta da infla\u00e7\u00e3o do \u00cdndice [&hellip;]<\/p>\n","protected":false},"author":2,"featured_media":20946,"comment_status":"open","ping_status":"open","sticky":false,"template":"","format":"standard","meta":{"om_disable_all_campaigns":false,"_monsterinsights_skip_tracking":false,"_monsterinsights_sitenote_active":false,"_monsterinsights_sitenote_note":"","_monsterinsights_sitenote_category":0,"footnotes":""},"categories":[30,31,48],"tags":[],"aioseo_notices":[],"_links":{"self":[{"href":"https:\/\/expressaoms.com.br\/index.php\/wp-json\/wp\/v2\/posts\/20945"}],"collection":[{"href":"https:\/\/expressaoms.com.br\/index.php\/wp-json\/wp\/v2\/posts"}],"about":[{"href":"https:\/\/expressaoms.com.br\/index.php\/wp-json\/wp\/v2\/types\/post"}],"author":[{"embeddable":true,"href":"https:\/\/expressaoms.com.br\/index.php\/wp-json\/wp\/v2\/users\/2"}],"replies":[{"embeddable":true,"href":"https:\/\/expressaoms.com.br\/index.php\/wp-json\/wp\/v2\/comments?post=20945"}],"version-history":[{"count":1,"href":"https:\/\/expressaoms.com.br\/index.php\/wp-json\/wp\/v2\/posts\/20945\/revisions"}],"predecessor-version":[{"id":20949,"href":"https:\/\/expressaoms.com.br\/index.php\/wp-json\/wp\/v2\/posts\/20945\/revisions\/20949"}],"wp:featuredmedia":[{"embeddable":true,"href":"https:\/\/expressaoms.com.br\/index.php\/wp-json\/wp\/v2\/media\/20946"}],"wp:attachment":[{"href":"https:\/\/expressaoms.com.br\/index.php\/wp-json\/wp\/v2\/media?parent=20945"}],"wp:term":[{"taxonomy":"category","embeddable":true,"href":"https:\/\/expressaoms.com.br\/index.php\/wp-json\/wp\/v2\/categories?post=20945"},{"taxonomy":"post_tag","embeddable":true,"href":"https:\/\/expressaoms.com.br\/index.php\/wp-json\/wp\/v2\/tags?post=20945"}],"curies":[{"name":"wp","href":"https:\/\/api.w.org\/{rel}","templated":true}]}}