{"id":20952,"date":"2023-08-02T17:49:52","date_gmt":"2023-08-02T20:49:52","guid":{"rendered":"https:\/\/expressaoms.com.br\/?p=20952"},"modified":"2023-08-02T17:49:52","modified_gmt":"2023-08-02T20:49:52","slug":"orquestra-de-violeiros-celebra-seus-30-anos-com-apresentacao-na-feira-central-nesta-quarta-feira-02","status":"publish","type":"post","link":"https:\/\/expressaoms.com.br\/index.php\/2023\/08\/02\/orquestra-de-violeiros-celebra-seus-30-anos-com-apresentacao-na-feira-central-nesta-quarta-feira-02\/","title":{"rendered":"Orquestra de Violeiros celebra seus 30 anos com apresenta\u00e7\u00e3o na Feira Central nesta quarta-feira (02)"},"content":{"rendered":"<p data-raofz=\"16\">A Prefeitura de Tr\u00eas Lagoas, por meio da Secretaria Municipal de Desenvolvimento Econ\u00f4mico, Ci\u00eancia e Tecnologia (SEDECT), convida a popula\u00e7\u00e3o para mais uma apresenta\u00e7\u00e3o cultural na Feira Tur\u00edstica Central de Tr\u00eas Lagoas, nesta quarta-feira (02 de julho).<\/p>\n<p data-raofz=\"16\">No intuito de difundir a m\u00fasica caipira sul-mato-grossense, a Feira receber\u00e1 a Orquestra aos Violeiros de Tr\u00eas Lagoas, a partir das 19h, para um show de celebra\u00e7\u00e3o aos 30 anos do tradicional e talentoso grupo tr\u00eas-lagoense.<\/p>\n<p data-raofz=\"16\">Antes da Orquestra, haver\u00e1 show com o cantor Dan Pierre no palco da Feira Central.<\/p>\n","protected":false},"excerpt":{"rendered":"<p>A Prefeitura de Tr\u00eas Lagoas, por meio da Secretaria Municipal de Desenvolvimento Econ\u00f4mico, Ci\u00eancia e Tecnologia (SEDECT), convida a popula\u00e7\u00e3o para mais uma apresenta\u00e7\u00e3o cultural na Feira Tur\u00edstica Central de Tr\u00eas Lagoas, nesta quarta-feira (02 de julho). No intuito de difundir a m\u00fasica caipira sul-mato-grossense, a Feira receber\u00e1 a Orquestra aos Violeiros de Tr\u00eas Lagoas, [&hellip;]<\/p>\n","protected":false},"author":2,"featured_media":20948,"comment_status":"open","ping_status":"open","sticky":false,"template":"","format":"standard","meta":{"om_disable_all_campaigns":false,"_monsterinsights_skip_tracking":false,"_monsterinsights_sitenote_active":false,"_monsterinsights_sitenote_note":"","_monsterinsights_sitenote_category":0,"footnotes":""},"categories":[35,36,48],"tags":[],"aioseo_notices":[],"_links":{"self":[{"href":"https:\/\/expressaoms.com.br\/index.php\/wp-json\/wp\/v2\/posts\/20952"}],"collection":[{"href":"https:\/\/expressaoms.com.br\/index.php\/wp-json\/wp\/v2\/posts"}],"about":[{"href":"https:\/\/expressaoms.com.br\/index.php\/wp-json\/wp\/v2\/types\/post"}],"author":[{"embeddable":true,"href":"https:\/\/expressaoms.com.br\/index.php\/wp-json\/wp\/v2\/users\/2"}],"replies":[{"embeddable":true,"href":"https:\/\/expressaoms.com.br\/index.php\/wp-json\/wp\/v2\/comments?post=20952"}],"version-history":[{"count":1,"href":"https:\/\/expressaoms.com.br\/index.php\/wp-json\/wp\/v2\/posts\/20952\/revisions"}],"predecessor-version":[{"id":20953,"href":"https:\/\/expressaoms.com.br\/index.php\/wp-json\/wp\/v2\/posts\/20952\/revisions\/20953"}],"wp:featuredmedia":[{"embeddable":true,"href":"https:\/\/expressaoms.com.br\/index.php\/wp-json\/wp\/v2\/media\/20948"}],"wp:attachment":[{"href":"https:\/\/expressaoms.com.br\/index.php\/wp-json\/wp\/v2\/media?parent=20952"}],"wp:term":[{"taxonomy":"category","embeddable":true,"href":"https:\/\/expressaoms.com.br\/index.php\/wp-json\/wp\/v2\/categories?post=20952"},{"taxonomy":"post_tag","embeddable":true,"href":"https:\/\/expressaoms.com.br\/index.php\/wp-json\/wp\/v2\/tags?post=20952"}],"curies":[{"name":"wp","href":"https:\/\/api.w.org\/{rel}","templated":true}]}}