{"id":21653,"date":"2023-09-02T13:19:11","date_gmt":"2023-09-02T16:19:11","guid":{"rendered":"https:\/\/expressaoms.com.br\/?p=21653"},"modified":"2023-09-11T13:01:17","modified_gmt":"2023-09-11T16:01:17","slug":"16a-cavalgada-de-arapua-e-neste-domingo-03-com-show-da-dupla-munhoz-e-mariano","status":"publish","type":"post","link":"https:\/\/expressaoms.com.br\/index.php\/2023\/09\/02\/16a-cavalgada-de-arapua-e-neste-domingo-03-com-show-da-dupla-munhoz-e-mariano\/","title":{"rendered":"16\u00aa Cavalgada de Arapu\u00e1 \u00e9 neste domingo (03), com show da dupla Munhoz e Mariano"},"content":{"rendered":"<p data-raofz=\"16\">\u00c9 neste domingo, (03 de setembro), a tradicional Cavalgada de Arapu\u00e1, neste s\u00e1bado, (02 de setembro), tamb\u00e9m tem festa, o esquenta com o baile no Centro Comunit\u00e1rio do Distrito.<\/p>\n<p data-raofz=\"16\">Hoje, a partir das 21 horas, o grupo Os Ca\u00e7ulas ser\u00e1 a atra\u00e7\u00e3o da noite, a entrada \u00e9 a doa\u00e7\u00e3o de um 1 kg de alimento n\u00e3o perec\u00edvel.<\/p>\n<p data-raofz=\"16\">Amanh\u00e3, \u00e9 a vez da grandiosa cavalgada, com sa\u00edda \u00e0s 9h, em frente ao Assentamento 20 de Mar\u00e7o; a chegada ser\u00e1 em frente ao Centro Comunit\u00e1rio, onde ser\u00e1 feita a entrega de trof\u00e9us aos participantes. O almo\u00e7o tropeiro gratuito, ser\u00e1 servido pela equipe da Associa\u00e7\u00e3o, logo ap\u00f3s a chegada das comitivas, e logo ap\u00f3s o show com Munhoz e Mariano.<\/p>\n<p data-raofz=\"16\"><strong>SHOW HIST\u00d3RICO<\/strong><\/p>\n<p data-raofz=\"16\">Ap\u00f3s a chegada das comitivas, \u00e0s 12h, acontecer\u00e1 o show da dupla Munhoz e Mariano, que come\u00e7ou a carreira musical em 2006, em Campo Grande. A dupla de sucesso ganhou o p\u00fablico com m\u00fasicas como \u201cCamaro Amarelo\u201d, \u201cBalada Louca\u201d e entre outras.<\/p>\n<p data-raofz=\"16\">A 16\u00aa Cavalgada do Arapu\u00e1 recebe o apoio da Prefeitura de Tr\u00eas Lagoas, C\u00e2mara Municipal e Governo do Estado de Mato Grosso do Sul.<\/p>\n","protected":false},"excerpt":{"rendered":"<p>\u00c9 neste domingo, (03 de setembro), a tradicional Cavalgada de Arapu\u00e1, neste s\u00e1bado, (02 de setembro), tamb\u00e9m tem festa, o esquenta com o baile no Centro Comunit\u00e1rio do Distrito. Hoje, a partir das 21 horas, o grupo Os Ca\u00e7ulas ser\u00e1 a atra\u00e7\u00e3o da noite, a entrada \u00e9 a doa\u00e7\u00e3o de um 1 kg de alimento [&hellip;]<\/p>\n","protected":false},"author":2,"featured_media":0,"comment_status":"open","ping_status":"open","sticky":false,"template":"","format":"standard","meta":{"om_disable_all_campaigns":false,"_monsterinsights_skip_tracking":false,"_monsterinsights_sitenote_active":false,"_monsterinsights_sitenote_note":"","_monsterinsights_sitenote_category":0,"footnotes":""},"categories":[35,36,48],"tags":[],"aioseo_notices":[],"_links":{"self":[{"href":"https:\/\/expressaoms.com.br\/index.php\/wp-json\/wp\/v2\/posts\/21653"}],"collection":[{"href":"https:\/\/expressaoms.com.br\/index.php\/wp-json\/wp\/v2\/posts"}],"about":[{"href":"https:\/\/expressaoms.com.br\/index.php\/wp-json\/wp\/v2\/types\/post"}],"author":[{"embeddable":true,"href":"https:\/\/expressaoms.com.br\/index.php\/wp-json\/wp\/v2\/users\/2"}],"replies":[{"embeddable":true,"href":"https:\/\/expressaoms.com.br\/index.php\/wp-json\/wp\/v2\/comments?post=21653"}],"version-history":[{"count":2,"href":"https:\/\/expressaoms.com.br\/index.php\/wp-json\/wp\/v2\/posts\/21653\/revisions"}],"predecessor-version":[{"id":21822,"href":"https:\/\/expressaoms.com.br\/index.php\/wp-json\/wp\/v2\/posts\/21653\/revisions\/21822"}],"wp:attachment":[{"href":"https:\/\/expressaoms.com.br\/index.php\/wp-json\/wp\/v2\/media?parent=21653"}],"wp:term":[{"taxonomy":"category","embeddable":true,"href":"https:\/\/expressaoms.com.br\/index.php\/wp-json\/wp\/v2\/categories?post=21653"},{"taxonomy":"post_tag","embeddable":true,"href":"https:\/\/expressaoms.com.br\/index.php\/wp-json\/wp\/v2\/tags?post=21653"}],"curies":[{"name":"wp","href":"https:\/\/api.w.org\/{rel}","templated":true}]}}