{"id":2210,"date":"2021-11-12T11:13:15","date_gmt":"2021-11-12T14:13:15","guid":{"rendered":"https:\/\/expressaoms.com.br\/?p=2210"},"modified":"2021-11-12T11:13:15","modified_gmt":"2021-11-12T14:13:15","slug":"contrastes-marcam-o-tempo-no-final-de-semana-em-mato-grosso-do-sul","status":"publish","type":"post","link":"https:\/\/expressaoms.com.br\/index.php\/2021\/11\/12\/contrastes-marcam-o-tempo-no-final-de-semana-em-mato-grosso-do-sul\/","title":{"rendered":"Contrastes marcam o tempo no final de semana em Mato Grosso do Sul"},"content":{"rendered":"<p><span data-uw-styling-context=\"true\">O final de semana em Mato Grosso do Sul ser\u00e1 marcado por contrastes no tempo que deve permanecer inst\u00e1vel em algumas \u00e1reas e firme em outras.\u00a0\u00a0<\/span><\/p>\n<p><span data-uw-styling-context=\"true\">Nesta sexta-feira (12) a atua\u00e7\u00e3o da Zona de Converg\u00eancia do Atl\u00e2ntico Sul segue deixando o tempo bastante encoberto e carregado sobre toda regi\u00e3o Centro-Oeste. O dia ser\u00e1 de contrastes com chuva a qualquer momento no centro-norte de Mato Grosso do Sul, e sol entre poucas nuvens nas demais \u00e1reas que tamb\u00e9m podem ter pancadas isoladas de chuva.\u00a0\u00a0<\/span><\/p>\n<p><span data-uw-styling-context=\"true\">De acordo com o Centro de Monitoramento do Tempo e do Clima (Cemtec) est\u00e3o previstos grandes acumulados de chuva com probabilidade de tempestades acompanhadas de raios, rajadas de vento entre 30-70 Km\/h e eventual queda de granizo para as regi\u00f5es nordeste e por\u00e7\u00e3o norte das regi\u00f5es pantaneira e centro norte.\u00a0<\/span><\/p>\n<p><img fetchpriority=\"high\" decoding=\"async\" class=\"alignnone size-medium wp-image-2212\" src=\"https:\/\/expressaoms.com.br\/wp-content\/uploads\/2021\/11\/Foto-Tempo-Edemir-Rodrigues-730x425-1-300x175.jpg\" alt=\"\" width=\"300\" height=\"175\" srcset=\"https:\/\/expressaoms.com.br\/wp-content\/uploads\/2021\/11\/Foto-Tempo-Edemir-Rodrigues-730x425-1-300x175.jpg 300w, https:\/\/expressaoms.com.br\/wp-content\/uploads\/2021\/11\/Foto-Tempo-Edemir-Rodrigues-730x425-1-600x349.jpg 600w, https:\/\/expressaoms.com.br\/wp-content\/uploads\/2021\/11\/Foto-Tempo-Edemir-Rodrigues-730x425-1.jpg 730w\" sizes=\"(max-width: 300px) 100vw, 300px\" \/><\/p>\n<p><span data-uw-styling-context=\"true\">O s\u00e1bado (13) promete tempo firme para grande parte de Mato Grosso do Sul, exceto na regi\u00e3o norte que continua com chance de chuvas e tempestades acompanhadas de raios, rajadas de vento entre 35-75 Km\/h e eventual queda de granizo.\u00a0<\/span><\/p>\n<p><span data-uw-styling-context=\"true\">No domingo (14) entre tarde e noite as instabilidades voltam ao Estado, e h\u00e1 probabilidade de chuvas intensas com tempestades acompanhadas de raios, rajadas de vento entre 35-90 Km\/h e eventual queda de granizo, principalmente nas regi\u00f5es sudoeste, centro-norte e pantaneira devido ao deslocamento de um sistema de baixa press\u00e3o vindo do Paraguai, aliado a outros sistemas como transporte de umidade e aproxima\u00e7\u00e3o de uma frente fria.<\/span><\/p>\n<p><span data-uw-styling-context=\"true\">Confira no mapa elaborado pelo Cemtec, as condi\u00e7\u00f5es de tempo e temperatura estimados para a Capital e alguns munic\u00edpios sul-mato-grossenses.\u00a0<\/span><\/p>\n<p><img decoding=\"async\" class=\"alignnone size-medium wp-image-2213\" src=\"https:\/\/expressaoms.com.br\/wp-content\/uploads\/2021\/11\/mapa-tempo-12-novembro-300x226.png\" alt=\"\" width=\"300\" height=\"226\" srcset=\"https:\/\/expressaoms.com.br\/wp-content\/uploads\/2021\/11\/mapa-tempo-12-novembro-300x226.png 300w, https:\/\/expressaoms.com.br\/wp-content\/uploads\/2021\/11\/mapa-tempo-12-novembro-600x452.png 600w, https:\/\/expressaoms.com.br\/wp-content\/uploads\/2021\/11\/mapa-tempo-12-novembro.png 729w\" sizes=\"(max-width: 300px) 100vw, 300px\" \/><\/p>\n","protected":false},"excerpt":{"rendered":"<p>O final de semana em Mato Grosso do Sul ser\u00e1 marcado por contrastes no tempo que deve permanecer inst\u00e1vel em algumas \u00e1reas e firme em outras.\u00a0\u00a0 Nesta sexta-feira (12) a atua\u00e7\u00e3o da Zona de Converg\u00eancia do Atl\u00e2ntico Sul segue deixando o tempo bastante encoberto e carregado sobre toda regi\u00e3o Centro-Oeste. O dia ser\u00e1 de contrastes [&hellip;]<\/p>\n","protected":false},"author":3,"featured_media":2214,"comment_status":"open","ping_status":"open","sticky":false,"template":"","format":"standard","meta":{"om_disable_all_campaigns":false,"_monsterinsights_skip_tracking":false,"_monsterinsights_sitenote_active":false,"_monsterinsights_sitenote_note":"","_monsterinsights_sitenote_category":0,"footnotes":""},"categories":[30,36,47],"tags":[],"aioseo_notices":[],"_links":{"self":[{"href":"https:\/\/expressaoms.com.br\/index.php\/wp-json\/wp\/v2\/posts\/2210"}],"collection":[{"href":"https:\/\/expressaoms.com.br\/index.php\/wp-json\/wp\/v2\/posts"}],"about":[{"href":"https:\/\/expressaoms.com.br\/index.php\/wp-json\/wp\/v2\/types\/post"}],"author":[{"embeddable":true,"href":"https:\/\/expressaoms.com.br\/index.php\/wp-json\/wp\/v2\/users\/3"}],"replies":[{"embeddable":true,"href":"https:\/\/expressaoms.com.br\/index.php\/wp-json\/wp\/v2\/comments?post=2210"}],"version-history":[{"count":1,"href":"https:\/\/expressaoms.com.br\/index.php\/wp-json\/wp\/v2\/posts\/2210\/revisions"}],"predecessor-version":[{"id":2215,"href":"https:\/\/expressaoms.com.br\/index.php\/wp-json\/wp\/v2\/posts\/2210\/revisions\/2215"}],"wp:featuredmedia":[{"embeddable":true,"href":"https:\/\/expressaoms.com.br\/index.php\/wp-json\/wp\/v2\/media\/2214"}],"wp:attachment":[{"href":"https:\/\/expressaoms.com.br\/index.php\/wp-json\/wp\/v2\/media?parent=2210"}],"wp:term":[{"taxonomy":"category","embeddable":true,"href":"https:\/\/expressaoms.com.br\/index.php\/wp-json\/wp\/v2\/categories?post=2210"},{"taxonomy":"post_tag","embeddable":true,"href":"https:\/\/expressaoms.com.br\/index.php\/wp-json\/wp\/v2\/tags?post=2210"}],"curies":[{"name":"wp","href":"https:\/\/api.w.org\/{rel}","templated":true}]}}