{"id":2222,"date":"2021-11-12T11:48:54","date_gmt":"2021-11-12T14:48:54","guid":{"rendered":"https:\/\/expressaoms.com.br\/?p=2222"},"modified":"2021-11-12T11:48:54","modified_gmt":"2021-11-12T14:48:54","slug":"ms-e-o-2o-estado-com-maior-indice-de-cancer-bucal-aponta-palestrante-durante-abertura-de-campanha-alusiva-ao-tema","status":"publish","type":"post","link":"https:\/\/expressaoms.com.br\/index.php\/2021\/11\/12\/ms-e-o-2o-estado-com-maior-indice-de-cancer-bucal-aponta-palestrante-durante-abertura-de-campanha-alusiva-ao-tema\/","title":{"rendered":"MS \u00e9 o 2\u00ba estado com maior \u00edndice de c\u00e2ncer bucal, aponta palestrante durante abertura de Campanha alusiva ao tema"},"content":{"rendered":"<p>Por meio da Coordena\u00e7\u00e3o da Sa\u00fade Bucal, a Secretaria Municipal de Sa\u00fade (SMS) de Tr\u00eas Lagoas, realizou na quinta-feira (11) uma palestra de atualiza\u00e7\u00e3o para os profissionais cirurgi\u00f5es-dentistas da Rede Municipal de Sa\u00fade com foco em c\u00e2ncer bucal.<\/p>\n<p>Essa \u00e9 a primeira a\u00e7\u00e3o do Munic\u00edpio, neste m\u00eas de novembro, alusiva ao tema; mas a Coordena\u00e7\u00e3o planeja outras a\u00e7\u00f5es, sendo uma delas prevista para ocorrer no pr\u00f3ximo dia 20, na Pra\u00e7a Senador Ramez Tebet com a\u00e7\u00f5es educativas para a popula\u00e7\u00e3o e busca ativa de les\u00f5es potencialmente cancer\u00edgenas.<\/p>\n<p>A palestra, que foi ministrada voluntariamente pela Professora Doutora Maria Fernanda Martins Ortiz Posso (CROMS 5159) que \u00e9 Mestre e Especialista em Ortodontia pela Faculdade de Odontologia de Bauru\/USP, al\u00e9m de vasta experi\u00eancia e outras forma\u00e7\u00f5es relacionadas \u00e0 sa\u00fade bucal, contou com a participa\u00e7\u00e3o de cirurgi\u00f5es-dentistas, coordenadora da Sa\u00fade Bucal, Doutora Ac\u00e1cia Gimenez, coordenador do CEO, Doutor Edmilson Borges, al\u00e9m da cirurgi\u00e3 dentistas reguladora do SISREG, Doutora Eliane I. Nicolau.<\/p>\n<p>Ac\u00e1cia comentou sobre a import\u00e2ncia da atualiza\u00e7\u00e3o e, principalmente, da preven\u00e7\u00e3o e diagn\u00f3stico precoce da doen\u00e7a. \u201cA palestra vem para atualizar sobre o que h\u00e1 de estudos mais recentes sobre o tema e, com isso, permite uma melhor vis\u00e3o dos profissionais envolvidos na sa\u00fade bucal, o que vem a somar, tamb\u00e9m na preven\u00e7\u00e3o e o diagn\u00f3stico precoce, pois quanto mais cedo se identifica a doen\u00e7a, maiores s\u00e3o as chances de cura\u201d, comentou.<\/p>\n<p><strong>DADOS APRESENTADOS<\/strong><\/p>\n<p>Na palestra, a Doutora Maria Fernanda apresentou os dados mais recentes sobre c\u00e2ncer bucal no Brasil segundo o INCA \u2013 Instituto Nacional de C\u00e2ncer, que mostrou, inclusive, que o Estado de Mato Grosso do Sul \u00e9 o segundo com maior incid\u00eancia de casos (dados de 2019) ficando atr\u00e1s apenas do Rio Grande do Sul e, com isso, registra o maior n\u00famero de \u00f3bitos pela doen\u00e7a no pa\u00eds.<\/p>\n<p>A estimativa \u00e9 que no Brasil h\u00e1 cerca de 15 mil casos de c\u00e2ncer bucal, desses, considerando uma propor\u00e7\u00e3o a cada 100 mil habitantes, 11,54 casos s\u00e3o em homens e 3,93 s\u00e3o mulheres. Em MS, usando a mesma faixa de compara\u00e7\u00e3o (a cada 100 mil habitantes), 10,82 casos s\u00e3o em homens e se destacam como cidade epid\u00eamicas Aquidauana, Tr\u00eas Lagoas (8,3 a cada 100 mil habitantes) e Campo Grande. J\u00e1 em mulheres, a propor\u00e7\u00e3o \u00e9 de 3,14 casos e se destacam Coxim, Aquidauana e Nova Andradina.<\/p>\n<p><strong>OS PRINCIPAIS TIPOS<\/strong><\/p>\n<p>Em dados anteriores, mostrava-se que os principais tipos de c\u00e2ncer bucal registrados eram de l\u00edngua, l\u00e1bio, em p\u00fablico etilista e tabagista, al\u00e9m da exposi\u00e7\u00e3o aos raios solares. No entanto, os dados mais recentes mostram uma mudan\u00e7a de perfil, sendo mais comum casos de c\u00e2ncer orofaringe e l\u00edngua, continua o mesmo risco para pessoas dependente do \u00e1lcool e cigarro, e entra em cen\u00e1rio pessoas com HPV desenvolverem a doen\u00e7a.<\/p>\n<p><strong>HOMENS SE CUIDAM MENOS<\/strong><\/p>\n<p>Ainda de acordo com os dados apresentados pela Doutora, a incid\u00eancia da doen\u00e7a em homens \u00e9 maior do que em mulheres e isso se deve ao fato do velho h\u00e1bito do sexo masculino n\u00e3o procurar ajuda m\u00e9dica de imediato ou de forma rotineira. \u201cDo total de casos registrados no Brasil, ou seja, 15.190, cerca de 11.180 s\u00e3o em homens e 4.010 s\u00e3o em mulheres. Do total de \u00f3bitos em decorr\u00eancia da doen\u00e7a, que se soma 6.605, pelo menos 80% (5.120) s\u00e3o de homens e 20% (1.485) em mulheres\u201d, destacou a Maria Fernanda.<\/p>\n<p>Esses dados, inclusive, colocam o Brasil em 4\u00ba lugar no mundo entre os pa\u00edses com mais casos de c\u00e2ncer e \u00f3bitos em decorr\u00eancia da doen\u00e7a.<\/p>\n<p><strong>SOBRE A PALESTRANTE<\/strong><\/p>\n<p>A Professora Doutora Maria Fernanda Martins Ortiz Posso (CROMS 5159) \u00e9 Mestre e Especialista em Ortodontia pela Faculdade de Odontologia de Bauru\/USP. Doutora e Especialista em Patologia Bucal \u2013 Faculdade de Odontologia de Bauru\/USP. Formada em Odontologia pela Universidade Metodista de S\u00e3o Paulo (UMESP, 1998). Mestre e Especialista em Ortodontia (2001); Doutora e Especialista em Patologia Bucal (2004), ambos pela Faculdade de Odontologia de Bauru \u2013 Universidade de S\u00e3o Paulo (2004). Professora de Ortodontia da Gradua\u00e7\u00e3o e do Programa de P\u00f3s-Gradua\u00e7\u00e3o em Biologia Oral da Universidade Sagrado Cora\u00e7\u00e3o \u2013 USC de 2009 \u00e0 2011. Consultora, ex-editora assistente e membro do Conselho Editorial da Revista Dental Press Joural of Orthodontics desde 2003. Membro do Grupo da Arnett Multidisciplinary Foundation, com habilita\u00e7\u00e3o e cirurgia ortogn\u00e1tica pela Arnett International Courses (EUA \u2013 2006) e aluna da primeira turma de Mini-Resid\u00eancia em Ortodontia Avan\u00e7ada da Universidade de Michigan\/USA (2010). Invisalign Doctor. Habilitada em Harmoniza\u00e7\u00e3o Orofacial. Professora e palestrante em cursos de Especializa\u00e7\u00e3o em Ortodontia. 53 artigos cient\u00edficos publicados em revistas nacionais e internacionais; 9 cap\u00edtulos de livro publicados. Tradu\u00e7\u00e3o do livro: O Futuro da Ortodontia, organizado por Willems &amp; Carels, Editoral Dental Press, 2003. Autora do Livro: Controv\u00e9rsias em Ortodontia e Atlas de Movimenta\u00e7\u00e3o Dent\u00e1ria, Editora Dental Press, com Alberto Consolaro, 2008. Concentra sua experi\u00eancia acad\u00eamica para a cl\u00ednica principalmente quanto aos temas: reabsor\u00e7\u00f5es dent\u00e1rias, tratamento de casos complexos em ortodontia, diagn\u00f3stico de les\u00f5es dent\u00e1rias e bucais. Cl\u00ednica Privada em Bauru\/SP (9 anos) e em atualmente em Tr\u00eas Lagoas (6,5 anos). Palestrante oficial do CRO\/MS e ABO\/MS sobre C\u00e2ncer Bucal e HPV, com cerca de 100 palestras volunt\u00e1rias realizadas em Tr\u00eas Lagoas e outras cidades do Mato Grosso do Sul, para dentistas, trabalho laureado com homenagem na Assembleia Legislativa do Mato Grosso do Sul, Campo Grande, em outubro de 2017.<\/p>\n","protected":false},"excerpt":{"rendered":"<p>Por meio da Coordena\u00e7\u00e3o da Sa\u00fade Bucal, a Secretaria Municipal de Sa\u00fade (SMS) de Tr\u00eas Lagoas, realizou na quinta-feira (11) uma palestra de atualiza\u00e7\u00e3o para os profissionais cirurgi\u00f5es-dentistas da Rede Municipal de Sa\u00fade com foco em c\u00e2ncer bucal. Essa \u00e9 a primeira a\u00e7\u00e3o do Munic\u00edpio, neste m\u00eas de novembro, alusiva ao tema; mas a Coordena\u00e7\u00e3o [&hellip;]<\/p>\n","protected":false},"author":3,"featured_media":2223,"comment_status":"open","ping_status":"open","sticky":false,"template":"","format":"standard","meta":{"om_disable_all_campaigns":false,"_monsterinsights_skip_tracking":false,"_monsterinsights_sitenote_active":false,"_monsterinsights_sitenote_note":"","_monsterinsights_sitenote_category":0,"footnotes":""},"categories":[44,48],"tags":[],"aioseo_notices":[],"_links":{"self":[{"href":"https:\/\/expressaoms.com.br\/index.php\/wp-json\/wp\/v2\/posts\/2222"}],"collection":[{"href":"https:\/\/expressaoms.com.br\/index.php\/wp-json\/wp\/v2\/posts"}],"about":[{"href":"https:\/\/expressaoms.com.br\/index.php\/wp-json\/wp\/v2\/types\/post"}],"author":[{"embeddable":true,"href":"https:\/\/expressaoms.com.br\/index.php\/wp-json\/wp\/v2\/users\/3"}],"replies":[{"embeddable":true,"href":"https:\/\/expressaoms.com.br\/index.php\/wp-json\/wp\/v2\/comments?post=2222"}],"version-history":[{"count":1,"href":"https:\/\/expressaoms.com.br\/index.php\/wp-json\/wp\/v2\/posts\/2222\/revisions"}],"predecessor-version":[{"id":2224,"href":"https:\/\/expressaoms.com.br\/index.php\/wp-json\/wp\/v2\/posts\/2222\/revisions\/2224"}],"wp:featuredmedia":[{"embeddable":true,"href":"https:\/\/expressaoms.com.br\/index.php\/wp-json\/wp\/v2\/media\/2223"}],"wp:attachment":[{"href":"https:\/\/expressaoms.com.br\/index.php\/wp-json\/wp\/v2\/media?parent=2222"}],"wp:term":[{"taxonomy":"category","embeddable":true,"href":"https:\/\/expressaoms.com.br\/index.php\/wp-json\/wp\/v2\/categories?post=2222"},{"taxonomy":"post_tag","embeddable":true,"href":"https:\/\/expressaoms.com.br\/index.php\/wp-json\/wp\/v2\/tags?post=2222"}],"curies":[{"name":"wp","href":"https:\/\/api.w.org\/{rel}","templated":true}]}}