{"id":22240,"date":"2023-09-29T12:07:27","date_gmt":"2023-09-29T15:07:27","guid":{"rendered":"https:\/\/expressaoms.com.br\/?p=22240"},"modified":"2023-09-29T12:07:27","modified_gmt":"2023-09-29T15:07:27","slug":"setembro-verde-smas-promove-intercambio-entre-alunos-da-apae-e-usuarios-dos-scfv","status":"publish","type":"post","link":"https:\/\/expressaoms.com.br\/index.php\/2023\/09\/29\/setembro-verde-smas-promove-intercambio-entre-alunos-da-apae-e-usuarios-dos-scfv\/","title":{"rendered":"SETEMBRO VERDE \u2013 SMAS promove interc\u00e2mbio entre alunos da APAE e usu\u00e1rios dos SCFV"},"content":{"rendered":"<p data-raofz=\"16\">Em a\u00e7\u00e3o alusiva ao \u201cSetembro Verde\u201d, m\u00eas dedicado a chamar a aten\u00e7\u00e3o sobre a import\u00e2ncia da inclus\u00e3o das pessoas com defici\u00eancia, a Secretaria Municipal de Assist\u00eancia Social (SMAS) est\u00e1 realizando uma s\u00e9rie de atividades com o objetivo de conscientizar a popula\u00e7\u00e3o quanto \u00e0 necessidade e a import\u00e2ncia de todos n\u00f3s sermos agentes de mudan\u00e7a para uma sociedade mais inclusiva.<\/p>\n<p data-raofz=\"16\">Com este objetivo, a SMAS realizou ao longo da semana um trabalho de interc\u00e2mbio dos alunos da APAE (Associa\u00e7\u00e3o de Pais e Amigos dos Excepcionais) com os usu\u00e1rios do Servi\u00e7o de Conviv\u00eancia e Fortalecimento de V\u00ednculos (SCFV), refor\u00e7ando a import\u00e2ncia de promover a integra\u00e7\u00e3o da pessoa com defici\u00eancia.<\/p>\n<p data-raofz=\"16\">A a\u00e7\u00e3o foi muito proveitosa e emocionante, os usu\u00e1rios do SCFV puderam aprender muito sobre a luta das pessoas com defici\u00eancia e sua for\u00e7a de vontade e garra em vencer diariamente as suas dificuldades, assim como os alunos da APAE puderam ter uma experiencia diferente, fora da sua rotina, estimulando a integra\u00e7\u00e3o dessas pessoas na sociedade de maneira igualit\u00e1ria e sem preconceitos.<\/p>\n<p data-raofz=\"16\"><strong>O SETEMBRO VERDE<\/strong><\/p>\n<p data-raofz=\"16\">\u201cSetembro Verde\u201d se trata de um m\u00eas dedicado a chamar a aten\u00e7\u00e3o sobre a import\u00e2ncia da inclus\u00e3o das pessoas com defici\u00eancia, refor\u00e7ando quest\u00f5es como acessibilidade e inclus\u00e3o social e, no Dia Nacional de Luta da Pessoa com Defici\u00eancia, celebrado no dia 21 de setembro, a Secretaria Municipal de Assist\u00eancia Social (SMAS) desenvolveu intensificou as a\u00e7\u00f5es alusivas \u00e0 data.<\/p>\n<p data-raofz=\"16\">O objetivo da campanha \u00e9 conscientizar a popula\u00e7\u00e3o quanto \u00e0 necessidade e a import\u00e2ncia de todos n\u00f3s sermos agentes de mudan\u00e7a para uma sociedade mais inclusiva. O Dia Nacional de luta da Pessoa com Defici\u00eancia foi oficializado no ano de 2005 pela Lei n\u00ba 11.133, por\u00e9m, comemorava-se desde o ano de 1982.<\/p>\n<p data-raofz=\"16\">A escolha do dia 21 de setembro se deu devido ao dia estar pr\u00f3ximo \u00e0 primavera, esta\u00e7\u00e3o \u00e0 qual \u00e9 conhecida pelas flores e este fen\u00f4meno seria uma representa\u00e7\u00e3o do nascimento e renova\u00e7\u00e3o da luta das pessoas com defici\u00eancia.<\/p>\n","protected":false},"excerpt":{"rendered":"<p>Em a\u00e7\u00e3o alusiva ao \u201cSetembro Verde\u201d, m\u00eas dedicado a chamar a aten\u00e7\u00e3o sobre a import\u00e2ncia da inclus\u00e3o das pessoas com defici\u00eancia, a Secretaria Municipal de Assist\u00eancia Social (SMAS) est\u00e1 realizando uma s\u00e9rie de atividades com o objetivo de conscientizar a popula\u00e7\u00e3o quanto \u00e0 necessidade e a import\u00e2ncia de todos n\u00f3s sermos agentes de mudan\u00e7a para [&hellip;]<\/p>\n","protected":false},"author":2,"featured_media":22241,"comment_status":"open","ping_status":"open","sticky":false,"template":"","format":"standard","meta":{"om_disable_all_campaigns":false,"_monsterinsights_skip_tracking":false,"_monsterinsights_sitenote_active":false,"_monsterinsights_sitenote_note":"","_monsterinsights_sitenote_category":0,"footnotes":""},"categories":[35,36,48],"tags":[],"aioseo_notices":[],"_links":{"self":[{"href":"https:\/\/expressaoms.com.br\/index.php\/wp-json\/wp\/v2\/posts\/22240"}],"collection":[{"href":"https:\/\/expressaoms.com.br\/index.php\/wp-json\/wp\/v2\/posts"}],"about":[{"href":"https:\/\/expressaoms.com.br\/index.php\/wp-json\/wp\/v2\/types\/post"}],"author":[{"embeddable":true,"href":"https:\/\/expressaoms.com.br\/index.php\/wp-json\/wp\/v2\/users\/2"}],"replies":[{"embeddable":true,"href":"https:\/\/expressaoms.com.br\/index.php\/wp-json\/wp\/v2\/comments?post=22240"}],"version-history":[{"count":1,"href":"https:\/\/expressaoms.com.br\/index.php\/wp-json\/wp\/v2\/posts\/22240\/revisions"}],"predecessor-version":[{"id":22242,"href":"https:\/\/expressaoms.com.br\/index.php\/wp-json\/wp\/v2\/posts\/22240\/revisions\/22242"}],"wp:featuredmedia":[{"embeddable":true,"href":"https:\/\/expressaoms.com.br\/index.php\/wp-json\/wp\/v2\/media\/22241"}],"wp:attachment":[{"href":"https:\/\/expressaoms.com.br\/index.php\/wp-json\/wp\/v2\/media?parent=22240"}],"wp:term":[{"taxonomy":"category","embeddable":true,"href":"https:\/\/expressaoms.com.br\/index.php\/wp-json\/wp\/v2\/categories?post=22240"},{"taxonomy":"post_tag","embeddable":true,"href":"https:\/\/expressaoms.com.br\/index.php\/wp-json\/wp\/v2\/tags?post=22240"}],"curies":[{"name":"wp","href":"https:\/\/api.w.org\/{rel}","templated":true}]}}