{"id":2225,"date":"2021-11-12T12:01:41","date_gmt":"2021-11-12T15:01:41","guid":{"rendered":"https:\/\/expressaoms.com.br\/?p=2225"},"modified":"2021-11-12T12:01:41","modified_gmt":"2021-11-12T15:01:41","slug":"mesmo-com-aumento-da-receita-prefeito-quer-nova-taxa-do-lixo-em-ribas-do-rio-pardo","status":"publish","type":"post","link":"https:\/\/expressaoms.com.br\/index.php\/2021\/11\/12\/mesmo-com-aumento-da-receita-prefeito-quer-nova-taxa-do-lixo-em-ribas-do-rio-pardo\/","title":{"rendered":"Mesmo com aumento da receita prefeito quer nova taxa do lixo em Ribas do Rio Pardo"},"content":{"rendered":"<p>O prefeito de Ribas do Rio Pardo, Jo\u00e3o Alfredo (Psol), enviou no m\u00eas de setembro o projeto da LOA (Lei do Or\u00e7amento Anual) , normativa que estima a receita e fixa a despesa da administra\u00e7\u00e3o p\u00fablica para o ano seguinte. No PL enviado em setembro, Jo\u00e3o Alfredo havia previsto a receita em R$160,6 milh\u00f5es. Agora, nesse in\u00edcio de novembro, o prefeito enviou nova proposi\u00e7\u00e3o, atualizando os valores para R$186,2 milh\u00f5es, representando um aumento de mais de R$25 milh\u00f5es na estimativa de receita para 2022.<\/p>\n<p>Mesmo com a previs\u00e3o de aumento consider\u00e1vel da receita municipal para o pr\u00f3ximo ano, o prefeito Jo\u00e3o Alfredo protocolou na C\u00e2mara de Vereadores o Projeto de Lei Complementar 03\/21 que disp\u00f5e sobre cria\u00e7\u00e3o da nova taxa do lixo, oficialmente chamada de Taxa de Servi\u00e7o de Coleta, Remo\u00e7\u00e3o, Transporte e Destina\u00e7\u00e3o Final de Lixo e Res\u00edduos S\u00f3lidos (Talix).<\/p>\n<p>&#8220;Se faz necess\u00e1rio visando a Regulariza\u00e7\u00e3o da taxa de coleta, remo\u00e7\u00e3o e destina\u00e7\u00e3o do lixo ou res\u00edduos proveniente de im\u00f3veis&#8221;, justifica o prefeito.<\/p>\n<p>A Talix seria cobrada de todo im\u00f3vel edificado em per\u00edmetro urbano, seja residencial, comercial, industrial, de presta\u00e7\u00e3o de servi\u00e7os ou de qualquer outra natureza ou destina\u00e7\u00e3o. A base de c\u00e1lculo seria o custo estimado do servi\u00e7o, custando de R$5 a R$30, de acordo com o consumo de \u00e1gua. Os valores ainda seriam atualizados anualmente pelo IPCA.<\/p>\n<p>&#8220;A Talix tem como fato gerador a utiliza\u00e7\u00e3o, efetiva ou potencial, dos servi\u00e7os de coleta, remo\u00e7\u00e3o, transporte e destina\u00e7\u00e3o final do res\u00edduo s\u00f3lido urbano, de origem residencial, comercial ou industrial, prestado ao contribuinte ou colocado \u00e0 sua disposi\u00e7\u00e3o, com in\u00edcio a partir do dia 1\u00ba de janeiro de cada exerc\u00edcio financeiro&#8221;, diz o texto do PL<\/p>\n<p>A isen\u00e7\u00e3o se daria apenas aos inscritos no Cad\u00danico, que teriam que requerer o benef\u00edcio de n\u00e3o pagar, e aos pr\u00e9dios p\u00fablicos municipais.<\/p>\n<p>Se aprovado o PL, a normativa entraria em vigor a partir de janeiro de 2022, revogando a Lei 1.092\/17, que implantou a atual taxa do lixo.<\/p>\n<p>O PL est\u00e1 nas comiss\u00f5es permanentes da C\u00e2mara para an\u00e1lise e deve ser votado antes do recesso de dezembro, para entrar em vigor a partir de janeiro do pr\u00f3ximo ano.<\/p>\n","protected":false},"excerpt":{"rendered":"<p>O prefeito de Ribas do Rio Pardo, Jo\u00e3o Alfredo (Psol), enviou no m\u00eas de setembro o projeto da LOA (Lei do Or\u00e7amento Anual) , normativa que estima a receita e fixa a despesa da administra\u00e7\u00e3o p\u00fablica para o ano seguinte. No PL enviado em setembro, Jo\u00e3o Alfredo havia previsto a receita em R$160,6 milh\u00f5es. Agora, [&hellip;]<\/p>\n","protected":false},"author":3,"featured_media":2226,"comment_status":"open","ping_status":"open","sticky":false,"template":"","format":"standard","meta":{"om_disable_all_campaigns":false,"_monsterinsights_skip_tracking":false,"_monsterinsights_sitenote_active":false,"_monsterinsights_sitenote_note":"","_monsterinsights_sitenote_category":0,"footnotes":""},"categories":[42,43],"tags":[],"aioseo_notices":[],"_links":{"self":[{"href":"https:\/\/expressaoms.com.br\/index.php\/wp-json\/wp\/v2\/posts\/2225"}],"collection":[{"href":"https:\/\/expressaoms.com.br\/index.php\/wp-json\/wp\/v2\/posts"}],"about":[{"href":"https:\/\/expressaoms.com.br\/index.php\/wp-json\/wp\/v2\/types\/post"}],"author":[{"embeddable":true,"href":"https:\/\/expressaoms.com.br\/index.php\/wp-json\/wp\/v2\/users\/3"}],"replies":[{"embeddable":true,"href":"https:\/\/expressaoms.com.br\/index.php\/wp-json\/wp\/v2\/comments?post=2225"}],"version-history":[{"count":1,"href":"https:\/\/expressaoms.com.br\/index.php\/wp-json\/wp\/v2\/posts\/2225\/revisions"}],"predecessor-version":[{"id":2227,"href":"https:\/\/expressaoms.com.br\/index.php\/wp-json\/wp\/v2\/posts\/2225\/revisions\/2227"}],"wp:featuredmedia":[{"embeddable":true,"href":"https:\/\/expressaoms.com.br\/index.php\/wp-json\/wp\/v2\/media\/2226"}],"wp:attachment":[{"href":"https:\/\/expressaoms.com.br\/index.php\/wp-json\/wp\/v2\/media?parent=2225"}],"wp:term":[{"taxonomy":"category","embeddable":true,"href":"https:\/\/expressaoms.com.br\/index.php\/wp-json\/wp\/v2\/categories?post=2225"},{"taxonomy":"post_tag","embeddable":true,"href":"https:\/\/expressaoms.com.br\/index.php\/wp-json\/wp\/v2\/tags?post=2225"}],"curies":[{"name":"wp","href":"https:\/\/api.w.org\/{rel}","templated":true}]}}