{"id":2228,"date":"2021-11-12T12:26:48","date_gmt":"2021-11-12T15:26:48","guid":{"rendered":"https:\/\/expressaoms.com.br\/?p=2228"},"modified":"2021-11-12T12:26:48","modified_gmt":"2021-11-12T15:26:48","slug":"governo-federal-lanca-programa-para-incentivar-doacao-de-alimentos","status":"publish","type":"post","link":"https:\/\/expressaoms.com.br\/index.php\/2021\/11\/12\/governo-federal-lanca-programa-para-incentivar-doacao-de-alimentos\/","title":{"rendered":"Governo Federal lan\u00e7a programa para incentivar doa\u00e7\u00e3o de alimentos"},"content":{"rendered":"<p>O Presidente da Rep\u00fablica, Jair Bolsonaro, participou do lan\u00e7amento do Programa Brasil Fraterno &#8211; Comida no Prato, em cerim\u00f4nia no Pal\u00e1cio do Planalto, nesta quinta-feira (11\/11). O programa \u00e9 uma a\u00e7\u00e3o do Minist\u00e9rio da Cidadania para mobilizar doa\u00e7\u00f5es de alimentos para entidades socioassistenciais, bancos de alimentos e outros equipamentos que atendem pessoas em situa\u00e7\u00e3o de vulnerabilidade, contribuindo para a reduzir a perda e o desperd\u00edcio de alimento e combater a fome.<\/p>\n<p>\u201c\u00c9 muito bem-vinda essa proposta. Quando se fala que em torno de 30% \u00e9 desperdi\u00e7ado, no Brasil equivale, com o desperd\u00edcio, poder alimentar 60 milh\u00f5es de pessoas. E por coincid\u00eancia, 60 milh\u00f5es \u00e9 o n\u00famero aproximado do que cresce a popula\u00e7\u00e3o mundial todo ano. Ent\u00e3o essa proposta \u00e9 maravilhosa, \u00e9 fant\u00e1stica\u201d, ressaltou o Presidente Jair Bolsonaro.<\/p>\n<p>As empresas podem se cadastrar no programa para serem doadoras de alimentos e receber isen\u00e7\u00e3o do Imposto sobre Circula\u00e7\u00e3o de Mercadorias e Servi\u00e7os (ICMS). Al\u00e9m disso, essas empresas v\u00e3o receber o Selo Brasil Fraterno: Comida no Prato. As entidades assistenciais que atendem pessoas em situa\u00e7\u00e3o de vulnerabilidade tamb\u00e9m podem se cadastrar no programa para receber os alimentos. Os cadastros tanto de empresas doadoras quanto das institui\u00e7\u00f5es podem ser feitos pela internet no endere\u00e7o: www.gov.br\/comidanoprato.<\/p>\n<p>\u201cCom esses assuntos que n\u00f3s estamos regulamentando hoje, ao inv\u00e9s de estar punindo os empres\u00e1rios, estamos chamando para uma parceria porque eles j\u00e1 s\u00e3o protagonistas desse movimento de solidariedade do Brasil\u201d, disse o ministro da Cidadania, Jo\u00e3o Roma.<\/p>\n<p>A rede de bancos de alimentos do pa\u00eds j\u00e1 distribuiu 73,5 mil toneladas de alimentos e beneficiou 3,8 milh\u00f5es de pessoas. S\u00f3 neste ano, at\u00e9 outubro, j\u00e1 foram doados R$ 42 milh\u00f5es em alimentos com isen\u00e7\u00e3o do ICMS.<\/p>\n","protected":false},"excerpt":{"rendered":"<p>O Presidente da Rep\u00fablica, Jair Bolsonaro, participou do lan\u00e7amento do Programa Brasil Fraterno &#8211; Comida no Prato, em cerim\u00f4nia no Pal\u00e1cio do Planalto, nesta quinta-feira (11\/11). O programa \u00e9 uma a\u00e7\u00e3o do Minist\u00e9rio da Cidadania para mobilizar doa\u00e7\u00f5es de alimentos para entidades socioassistenciais, bancos de alimentos e outros equipamentos que atendem pessoas em situa\u00e7\u00e3o de [&hellip;]<\/p>\n","protected":false},"author":3,"featured_media":2229,"comment_status":"open","ping_status":"open","sticky":false,"template":"","format":"standard","meta":{"om_disable_all_campaigns":false,"_monsterinsights_skip_tracking":false,"_monsterinsights_sitenote_active":false,"_monsterinsights_sitenote_note":"","_monsterinsights_sitenote_category":0,"footnotes":""},"categories":[42],"tags":[],"aioseo_notices":[],"_links":{"self":[{"href":"https:\/\/expressaoms.com.br\/index.php\/wp-json\/wp\/v2\/posts\/2228"}],"collection":[{"href":"https:\/\/expressaoms.com.br\/index.php\/wp-json\/wp\/v2\/posts"}],"about":[{"href":"https:\/\/expressaoms.com.br\/index.php\/wp-json\/wp\/v2\/types\/post"}],"author":[{"embeddable":true,"href":"https:\/\/expressaoms.com.br\/index.php\/wp-json\/wp\/v2\/users\/3"}],"replies":[{"embeddable":true,"href":"https:\/\/expressaoms.com.br\/index.php\/wp-json\/wp\/v2\/comments?post=2228"}],"version-history":[{"count":1,"href":"https:\/\/expressaoms.com.br\/index.php\/wp-json\/wp\/v2\/posts\/2228\/revisions"}],"predecessor-version":[{"id":2230,"href":"https:\/\/expressaoms.com.br\/index.php\/wp-json\/wp\/v2\/posts\/2228\/revisions\/2230"}],"wp:featuredmedia":[{"embeddable":true,"href":"https:\/\/expressaoms.com.br\/index.php\/wp-json\/wp\/v2\/media\/2229"}],"wp:attachment":[{"href":"https:\/\/expressaoms.com.br\/index.php\/wp-json\/wp\/v2\/media?parent=2228"}],"wp:term":[{"taxonomy":"category","embeddable":true,"href":"https:\/\/expressaoms.com.br\/index.php\/wp-json\/wp\/v2\/categories?post=2228"},{"taxonomy":"post_tag","embeddable":true,"href":"https:\/\/expressaoms.com.br\/index.php\/wp-json\/wp\/v2\/tags?post=2228"}],"curies":[{"name":"wp","href":"https:\/\/api.w.org\/{rel}","templated":true}]}}