{"id":22295,"date":"2023-10-02T11:57:29","date_gmt":"2023-10-02T14:57:29","guid":{"rendered":"https:\/\/expressaoms.com.br\/?p=22295"},"modified":"2023-10-02T11:57:29","modified_gmt":"2023-10-02T14:57:29","slug":"smas-encerra-campanha-do-setembro-verde-com-apresentacao-na-residencia-inclusiva-de-tres-lagoas","status":"publish","type":"post","link":"https:\/\/expressaoms.com.br\/index.php\/2023\/10\/02\/smas-encerra-campanha-do-setembro-verde-com-apresentacao-na-residencia-inclusiva-de-tres-lagoas\/","title":{"rendered":"SMAS encerra campanha do \u201cSetembro Verde\u201d com apresenta\u00e7\u00e3o na resid\u00eancia inclusiva de Tr\u00eas Lagoas"},"content":{"rendered":"<p data-raofz=\"16\">A Secretaria Municipal de Assist\u00eancia Social (SMAS), atrav\u00e9s da diretoria de prote\u00e7\u00e3o b\u00e1sica, realizou nesta sexta-feira (29 de setembro) o encerramento da campanha \u201cSetembro Verde\u201d com uma linda apresenta\u00e7\u00e3o da Banda Musical Cristo Redentor na resid\u00eancia inclusiva.<\/p>\n<p data-raofz=\"16\">A a\u00e7\u00e3o encerra uma s\u00e9rie de atividades realizadas pela SMAS com o objetivo de conscientizar a popula\u00e7\u00e3o quanto \u00e0 necessidade e a import\u00e2ncia de todos n\u00f3s sermos agentes de mudan\u00e7a para uma sociedade mais inclusiva.<\/p>\n<p data-raofz=\"16\">A Banda se apresentou para os moradores da resid\u00eancia que receberam os musicistas e curtiram momentos de alegria e descontra\u00e7\u00e3o.<\/p>\n<p data-raofz=\"16\"><strong>A UNIDADE<\/strong><\/p>\n<p data-raofz=\"16\">A resid\u00eancia inclusiva \u00e9 destinada para jovens e adultos com defici\u00eancia f\u00edsica, mental e intelectual, sendo a primeira Cidade de Mato Grosso do Sul a municipalizar este tipo de servi\u00e7o. A resid\u00eancia inclusiva est\u00e1 em funcionamento desde fevereiro de 2022, oferecendo acolhida, seguran\u00e7a e educa\u00e7\u00e3o para seus moradores.<\/p>\n<p data-raofz=\"16\">O servi\u00e7o \u00e9 tipificado e \u00e9 destinado para pessoas com idade entre 18 a 59 que tenham sido destitu\u00eddos da fam\u00edlia ou, comprovadamente, n\u00e3o tenham recursos e nem rede de apoio para cuidar destas pessoas que necessitam de uma aten\u00e7\u00e3o dedicada e especial.<\/p>\n<p data-raofz=\"16\">Na unidade s\u00e3o oferecidos os servi\u00e7os de terapia ocupacional, acompanhamento com assistente social, psic\u00f3logo, nutricionista, cuidadores plantonistas, motorista e servi\u00e7os gerais. Al\u00e9m disso, os moradores tamb\u00e9m recebem atendimento do Servi\u00e7o de Atendimento Domiciliar (SAD) da Secretaria Municipal de Sa\u00fade (SMS).<\/p>\n<p data-raofz=\"16\"><strong>SETEMBRO VERDE<\/strong><\/p>\n<p data-raofz=\"16\">\u201cSetembro Verde\u201d se trata de um m\u00eas dedicado a chamar a aten\u00e7\u00e3o sobre a import\u00e2ncia da inclus\u00e3o das pessoas com defici\u00eancia, refor\u00e7ando quest\u00f5es como acessibilidade e inclus\u00e3o social e, no Dia Nacional de Luta da Pessoa com Defici\u00eancia, celebrado no dia 21 de setembro, a Secretaria Municipal de Assist\u00eancia Social (SMAS) desenvolveu intensificou as a\u00e7\u00f5es alusivas \u00e0 data.<\/p>\n<p data-raofz=\"16\">O objetivo da campanha \u00e9 conscientizar a popula\u00e7\u00e3o quanto \u00e0 necessidade e a import\u00e2ncia de todos n\u00f3s sermos agentes de mudan\u00e7a para uma sociedade mais inclusiva. O Dia Nacional de luta da Pessoa com Defici\u00eancia foi oficializado no ano de 2005 pela Lei n\u00ba 11.133, por\u00e9m, comemorava-se desde o ano de 1982.<\/p>\n<p data-raofz=\"16\">A escolha do dia 21 de setembro se deu devido ao dia estar pr\u00f3ximo \u00e0 primavera, esta\u00e7\u00e3o \u00e0 qual \u00e9 conhecida pelas flores e este fen\u00f4meno seria uma representa\u00e7\u00e3o do nascimento e renova\u00e7\u00e3o da luta das pessoas com defici\u00eancia.<\/p>\n","protected":false},"excerpt":{"rendered":"<p>A Secretaria Municipal de Assist\u00eancia Social (SMAS), atrav\u00e9s da diretoria de prote\u00e7\u00e3o b\u00e1sica, realizou nesta sexta-feira (29 de setembro) o encerramento da campanha \u201cSetembro Verde\u201d com uma linda apresenta\u00e7\u00e3o da Banda Musical Cristo Redentor na resid\u00eancia inclusiva. A a\u00e7\u00e3o encerra uma s\u00e9rie de atividades realizadas pela SMAS com o objetivo de conscientizar a popula\u00e7\u00e3o quanto [&hellip;]<\/p>\n","protected":false},"author":2,"featured_media":22296,"comment_status":"open","ping_status":"open","sticky":false,"template":"","format":"standard","meta":{"om_disable_all_campaigns":false,"_monsterinsights_skip_tracking":false,"_monsterinsights_sitenote_active":false,"_monsterinsights_sitenote_note":"","_monsterinsights_sitenote_category":0,"footnotes":""},"categories":[30,36,44,48],"tags":[],"aioseo_notices":[],"_links":{"self":[{"href":"https:\/\/expressaoms.com.br\/index.php\/wp-json\/wp\/v2\/posts\/22295"}],"collection":[{"href":"https:\/\/expressaoms.com.br\/index.php\/wp-json\/wp\/v2\/posts"}],"about":[{"href":"https:\/\/expressaoms.com.br\/index.php\/wp-json\/wp\/v2\/types\/post"}],"author":[{"embeddable":true,"href":"https:\/\/expressaoms.com.br\/index.php\/wp-json\/wp\/v2\/users\/2"}],"replies":[{"embeddable":true,"href":"https:\/\/expressaoms.com.br\/index.php\/wp-json\/wp\/v2\/comments?post=22295"}],"version-history":[{"count":1,"href":"https:\/\/expressaoms.com.br\/index.php\/wp-json\/wp\/v2\/posts\/22295\/revisions"}],"predecessor-version":[{"id":22297,"href":"https:\/\/expressaoms.com.br\/index.php\/wp-json\/wp\/v2\/posts\/22295\/revisions\/22297"}],"wp:featuredmedia":[{"embeddable":true,"href":"https:\/\/expressaoms.com.br\/index.php\/wp-json\/wp\/v2\/media\/22296"}],"wp:attachment":[{"href":"https:\/\/expressaoms.com.br\/index.php\/wp-json\/wp\/v2\/media?parent=22295"}],"wp:term":[{"taxonomy":"category","embeddable":true,"href":"https:\/\/expressaoms.com.br\/index.php\/wp-json\/wp\/v2\/categories?post=22295"},{"taxonomy":"post_tag","embeddable":true,"href":"https:\/\/expressaoms.com.br\/index.php\/wp-json\/wp\/v2\/tags?post=22295"}],"curies":[{"name":"wp","href":"https:\/\/api.w.org\/{rel}","templated":true}]}}