{"id":22444,"date":"2023-10-06T15:21:59","date_gmt":"2023-10-06T18:21:59","guid":{"rendered":"https:\/\/expressaoms.com.br\/?p=22444"},"modified":"2023-10-06T15:21:59","modified_gmt":"2023-10-06T18:21:59","slug":"historico-apos-reforma-completa-paco-municipal-volta-a-atender-ao-publico-e-recebe-bencao","status":"publish","type":"post","link":"https:\/\/expressaoms.com.br\/index.php\/2023\/10\/06\/historico-apos-reforma-completa-paco-municipal-volta-a-atender-ao-publico-e-recebe-bencao\/","title":{"rendered":"HIST\u00d3RICO \u2013 Ap\u00f3s reforma completa, Pa\u00e7o Municipal volta a atender ao p\u00fablico e recebe b\u00ean\u00e7\u00e3o"},"content":{"rendered":"<p data-raofz=\"16\">O Pa\u00e7o Municipal de Tr\u00eas Lagoas j\u00e1 iniciou o atendimento ao p\u00fablico e, na manh\u00e3 desta sexta-feira (6), o prefeito Angelo Guerreiro convidou o Padre Rog\u00e9rio Fernandes Gomes para aben\u00e7oar o novo pr\u00e9dio.<\/p>\n<p data-raofz=\"16\">O prefeito falou da felicidade em estar reativando o Pa\u00e7o Municipal que foi um dos pilares para o desenvolvimento de Tr\u00eas Lagoas e ficou por muito tempo esquecido e agora vai mais uma vez ser palco de grandes avan\u00e7os da cidade.<\/p>\n<p data-raofz=\"16\">O Padre Rogerio lembrou que n\u00e3o h\u00e1 futuro sem passado e falou da felicidade em participar deste momento marcante para a cidade de Tr\u00eas Lagoas. Em seguida, realizou a ben\u00e7\u00e3o do local e juntos \u2013 autoridades, servidores e populares \u2013 oraram para que a nova casa seja aben\u00e7oada e a Prefeitura continue realizando um trabalho de entrega e de bom atendimento \u00e0 popula\u00e7\u00e3o.<\/p>\n<p data-raofz=\"16\">Guerreiro refor\u00e7ou que a cerim\u00f4nia de hoje (6 de outubro) n\u00e3o se trata de uma inaugura\u00e7\u00e3o, pois ainda faltam secretarias para se instalarem no Pa\u00e7o Municipal e que o objetivo do encontro, independente da religi\u00e3o de cada um, foi aben\u00e7oar a nova casa.<\/p>\n<p data-raofz=\"16\">O prefeito ainda lembrou do compromisso que tem com a popula\u00e7\u00e3o de Tr\u00eas Lagoas e, assim como faz nas ruas da cidade, trabalha para que todos os servidores p\u00fablicos tenham um local digno para desempenhar suas atividades com mais conforto e oferecer mais agilidade aos tr\u00eas-lagoenses e contribuintes.<\/p>\n<p data-raofz=\"16\">No local, passa a funcionar o Gabinete do Prefeito, a Secretaria Municipal de Finan\u00e7as, Receita e Controle (SEFIRC), o Departamento de Tributa\u00e7\u00e3o e o de Licita\u00e7\u00f5es, al\u00e9m do atendimento sobre IPTU.<\/p>\n","protected":false},"excerpt":{"rendered":"<p>O Pa\u00e7o Municipal de Tr\u00eas Lagoas j\u00e1 iniciou o atendimento ao p\u00fablico e, na manh\u00e3 desta sexta-feira (6), o prefeito Angelo Guerreiro convidou o Padre Rog\u00e9rio Fernandes Gomes para aben\u00e7oar o novo pr\u00e9dio. O prefeito falou da felicidade em estar reativando o Pa\u00e7o Municipal que foi um dos pilares para o desenvolvimento de Tr\u00eas Lagoas [&hellip;]<\/p>\n","protected":false},"author":2,"featured_media":22445,"comment_status":"open","ping_status":"open","sticky":false,"template":"","format":"standard","meta":{"om_disable_all_campaigns":false,"_monsterinsights_skip_tracking":false,"_monsterinsights_sitenote_active":false,"_monsterinsights_sitenote_note":"","_monsterinsights_sitenote_category":0,"footnotes":""},"categories":[30,36,192,48],"tags":[],"aioseo_notices":[],"_links":{"self":[{"href":"https:\/\/expressaoms.com.br\/index.php\/wp-json\/wp\/v2\/posts\/22444"}],"collection":[{"href":"https:\/\/expressaoms.com.br\/index.php\/wp-json\/wp\/v2\/posts"}],"about":[{"href":"https:\/\/expressaoms.com.br\/index.php\/wp-json\/wp\/v2\/types\/post"}],"author":[{"embeddable":true,"href":"https:\/\/expressaoms.com.br\/index.php\/wp-json\/wp\/v2\/users\/2"}],"replies":[{"embeddable":true,"href":"https:\/\/expressaoms.com.br\/index.php\/wp-json\/wp\/v2\/comments?post=22444"}],"version-history":[{"count":1,"href":"https:\/\/expressaoms.com.br\/index.php\/wp-json\/wp\/v2\/posts\/22444\/revisions"}],"predecessor-version":[{"id":22446,"href":"https:\/\/expressaoms.com.br\/index.php\/wp-json\/wp\/v2\/posts\/22444\/revisions\/22446"}],"wp:featuredmedia":[{"embeddable":true,"href":"https:\/\/expressaoms.com.br\/index.php\/wp-json\/wp\/v2\/media\/22445"}],"wp:attachment":[{"href":"https:\/\/expressaoms.com.br\/index.php\/wp-json\/wp\/v2\/media?parent=22444"}],"wp:term":[{"taxonomy":"category","embeddable":true,"href":"https:\/\/expressaoms.com.br\/index.php\/wp-json\/wp\/v2\/categories?post=22444"},{"taxonomy":"post_tag","embeddable":true,"href":"https:\/\/expressaoms.com.br\/index.php\/wp-json\/wp\/v2\/tags?post=22444"}],"curies":[{"name":"wp","href":"https:\/\/api.w.org\/{rel}","templated":true}]}}