{"id":22578,"date":"2023-10-13T09:34:27","date_gmt":"2023-10-13T12:34:27","guid":{"rendered":"https:\/\/expressaoms.com.br\/?p=22578"},"modified":"2023-10-13T09:35:16","modified_gmt":"2023-10-13T12:35:16","slug":"adolescente-de-17-anos-morre-apos-colega-bater-motocicleta-em-muro-em-tres-lagoas","status":"publish","type":"post","link":"https:\/\/expressaoms.com.br\/index.php\/2023\/10\/13\/adolescente-de-17-anos-morre-apos-colega-bater-motocicleta-em-muro-em-tres-lagoas\/","title":{"rendered":"Adolescente de 17 anos morre ap\u00f3s colega bater motocicleta em muro em Tr\u00eas Lagoas"},"content":{"rendered":"<p>Adolescente de 17 anos morreu em um acidente de motocicleta na madrugada desta quinta-feira (12), na regi\u00e3o da Lagoa Maior, em Tr\u00eas Lagoas. O rapaz que conduzia o ve\u00edculo foi socorrido em estado grave para o hospital.<\/p>\n<p>O garoto identificado como Samuel Caleb Teixeira (foto), estava na garupa da motocicleta quando o condutor perdeu o controle da dire\u00e7\u00e3o e bateu em um muro, depois em uma \u00e1rvore. Equipe do Samu (Servi\u00e7o de Atendimento M\u00f3vel de Urg\u00eancia) foi acionada junto com o Corpo de Bombeiros.<\/p>\n<p>Quando os socorristas chegaram fizeram os primeiros procedimentos e encaminharam os dois jovens para o Hospital Auxiliadora. O adolescente acabou morrendo e o piloto da moto estava com suspeita de traumatismo cranioencef\u00e1lico. No momento do socorro, ele estava desorientado e chegou a dar o nome errado do colega que estava na garupa.<\/p>\n<p>Conforme apurou o Campo Grande News, o adolescente e o amigo estavam em frente de casa. A m\u00e3e do garoto foi dormir e quando acordou, ele n\u00e3o estava na resid\u00eancia. Ela ent\u00e3o ficou sabendo do acidente e foi at\u00e9 a Depac (Delegacia de Atendimento Comunit\u00e1rio) da cidade e fez o reconhecimento.<\/p>\n<p>&nbsp;<\/p>\n<p>Com Campo Grande News<\/p>\n<p>Foto: Reprodu\u00e7\u00e3o Facebook<\/p>\n","protected":false},"excerpt":{"rendered":"<p>Adolescente de 17 anos morreu em um acidente de motocicleta na madrugada desta quinta-feira (12), na regi\u00e3o da Lagoa Maior, em Tr\u00eas Lagoas. O rapaz que conduzia o ve\u00edculo foi socorrido em estado grave para o hospital. O garoto identificado como Samuel Caleb Teixeira (foto), estava na garupa da motocicleta quando o condutor perdeu o [&hellip;]<\/p>\n","protected":false},"author":3,"featured_media":22579,"comment_status":"open","ping_status":"open","sticky":false,"template":"","format":"standard","meta":{"om_disable_all_campaigns":false,"_monsterinsights_skip_tracking":false,"_monsterinsights_sitenote_active":false,"_monsterinsights_sitenote_note":"","_monsterinsights_sitenote_category":0,"footnotes":""},"categories":[30,36,48],"tags":[],"aioseo_notices":[],"_links":{"self":[{"href":"https:\/\/expressaoms.com.br\/index.php\/wp-json\/wp\/v2\/posts\/22578"}],"collection":[{"href":"https:\/\/expressaoms.com.br\/index.php\/wp-json\/wp\/v2\/posts"}],"about":[{"href":"https:\/\/expressaoms.com.br\/index.php\/wp-json\/wp\/v2\/types\/post"}],"author":[{"embeddable":true,"href":"https:\/\/expressaoms.com.br\/index.php\/wp-json\/wp\/v2\/users\/3"}],"replies":[{"embeddable":true,"href":"https:\/\/expressaoms.com.br\/index.php\/wp-json\/wp\/v2\/comments?post=22578"}],"version-history":[{"count":2,"href":"https:\/\/expressaoms.com.br\/index.php\/wp-json\/wp\/v2\/posts\/22578\/revisions"}],"predecessor-version":[{"id":22581,"href":"https:\/\/expressaoms.com.br\/index.php\/wp-json\/wp\/v2\/posts\/22578\/revisions\/22581"}],"wp:featuredmedia":[{"embeddable":true,"href":"https:\/\/expressaoms.com.br\/index.php\/wp-json\/wp\/v2\/media\/22579"}],"wp:attachment":[{"href":"https:\/\/expressaoms.com.br\/index.php\/wp-json\/wp\/v2\/media?parent=22578"}],"wp:term":[{"taxonomy":"category","embeddable":true,"href":"https:\/\/expressaoms.com.br\/index.php\/wp-json\/wp\/v2\/categories?post=22578"},{"taxonomy":"post_tag","embeddable":true,"href":"https:\/\/expressaoms.com.br\/index.php\/wp-json\/wp\/v2\/tags?post=22578"}],"curies":[{"name":"wp","href":"https:\/\/api.w.org\/{rel}","templated":true}]}}